{"id":4104,"date":"2023-05-31T19:26:45","date_gmt":"2023-05-31T19:26:45","guid":{"rendered":"http:\/\/www.cudecoop.coop\/cudecoop\/?p=4104"},"modified":"2023-05-31T19:26:45","modified_gmt":"2023-05-31T19:26:45","slug":"llamado-a-consultoria","status":"publish","type":"post","link":"http:\/\/www.cudecoop.coop\/cudecoop\/llamado-a-consultoria\/","title":{"rendered":"Llamado a consultor\u00eda"},"content":{"rendered":"<p>An\u00e1lisis de modelos&nbsp;de negocio en clave de econom\u00eda verde para las cooperativas.&nbsp;<\/p>\n<p><strong>Llamado abierto a consultor\u00eda para realizar&nbsp;An\u00e1lisis de modelos&nbsp;de negocio en clave de econom\u00eda verde para las cooperativas.<\/strong><\/p>\n<p>Podr\u00e1n presentarse de forma individual o como equipo de consultores, profesionales que&nbsp;pueda\/n acreditar formaci\u00f3n y\/o experiencia de trabajo en temas de Econom\u00eda Verde y otras&nbsp;tem\u00e1ticas asociadas (Econom\u00eda Circular, Desarrollo Sostenible, etc.). Asimismo, se busca&nbsp;experiencia en evaluaci\u00f3n de viabilidad de negocios, experiencia en dise\u00f1o de modelo de&nbsp;negocios en econom\u00eda verde y circular y en las metodolog\u00edas de an\u00e1lisis antes descriptas.<br \/>\nSe valorar\u00e1 la formaci\u00f3n y\/o experiencia en el cooperativismo y la econom\u00eda social y solidaria.<\/p>\n<p>Enviar CV del consultor\/a o del equipo de consultores\/as a coopsostenible@cudecoop.coop,&nbsp;con el asunto \u201cLlamado An\u00e1lisis de modelo de negocio Econom\u00eda Verde\u201d, <strong>hasta el 13 de&nbsp;junio de 2023.<\/strong><\/p>\n<p><a href=\"http:\/\/www.cudecoop.coop\/cudecoop\/wp-content\/uploads\/2023\/05\/Cudecoop_MCxUS_TDR-Oportunidades-2023.pdf\">Cudecoop_MCxUS_TDR Oportunidades 2023<\/a><\/p>\n","protected":false},"excerpt":{"rendered":"<p>An\u00e1lisis de modelos&nbsp;de negocio en clave de econom\u00eda verde para las cooperativas.&nbsp; Llamado abierto a consultor\u00eda para realizar&nbsp;An\u00e1lisis de modelos&nbsp;de negocio en clave de econom\u00eda verde para las cooperativas. Podr\u00e1n presentarse de forma individual o como equipo de consultores, profesionales que&nbsp;pueda\/n acreditar formaci\u00f3n y\/o experiencia de trabajo en temas de Econom\u00eda Verde y otras&nbsp;tem\u00e1ticas asociadas (Econom\u00eda Circular, Desarrollo Sostenible, etc.). Asimismo, se busca&nbsp;experiencia en evaluaci\u00f3n de viabilidad de negocios, experiencia en dise\u00f1o de modelo de&nbsp;negocios en econom\u00eda verde y circular y en las metodolog\u00edas de an\u00e1lisis antes descriptas.<br \/> Se valorar\u00e1 la formaci\u00f3n y\/o experiencia en el cooperativismo y la [&#8230;]<\/p>\n","protected":false},"author":27,"featured_media":0,"comment_status":"open","ping_status":"open","sticky":false,"template":"","format":"standard","meta":{"_acf_changed":false,"ngg_post_thumbnail":0,"footnotes":""},"categories":[7,6,1],"tags":[],"class_list":["post-4104","post","type-post","status-publish","format-standard","hentry","category-cooperativas","category-institucionales","category-noticias"],"acf":[],"_links":{"self":[{"href":"http:\/\/www.cudecoop.coop\/cudecoop\/wp-json\/wp\/v2\/posts\/4104","targetHints":{"allow":["GET"]}}],"collection":[{"href":"http:\/\/www.cudecoop.coop\/cudecoop\/wp-json\/wp\/v2\/posts"}],"about":[{"href":"http:\/\/www.cudecoop.coop\/cudecoop\/wp-json\/wp\/v2\/types\/post"}],"author":[{"embeddable":true,"href":"http:\/\/www.cudecoop.coop\/cudecoop\/wp-json\/wp\/v2\/users\/27"}],"replies":[{"embeddable":true,"href":"http:\/\/www.cudecoop.coop\/cudecoop\/wp-json\/wp\/v2\/comments?post=4104"}],"version-history":[{"count":1,"href":"http:\/\/www.cudecoop.coop\/cudecoop\/wp-json\/wp\/v2\/posts\/4104\/revisions"}],"predecessor-version":[{"id":4106,"href":"http:\/\/www.cudecoop.coop\/cudecoop\/wp-json\/wp\/v2\/posts\/4104\/revisions\/4106"}],"wp:attachment":[{"href":"http:\/\/www.cudecoop.coop\/cudecoop\/wp-json\/wp\/v2\/media?parent=4104"}],"wp:term":[{"taxonomy":"category","embeddable":true,"href":"http:\/\/www.cudecoop.coop\/cudecoop\/wp-json\/wp\/v2\/categories?post=4104"},{"taxonomy":"post_tag","embeddable":true,"href":"http:\/\/www.cudecoop.coop\/cudecoop\/wp-json\/wp\/v2\/tags?post=4104"}],"curies":[{"name":"wp","href":"https:\/\/api.w.org\/{rel}","templated":true}]}}