{"id":4088,"date":"2023-05-09T17:37:50","date_gmt":"2023-05-09T17:37:50","guid":{"rendered":"http:\/\/www.cudecoop.coop\/cudecoop\/?p=4088"},"modified":"2023-05-09T19:07:32","modified_gmt":"2023-05-09T19:07:32","slug":"estudio-de-algunas-areas-criticas-para-la-negociacion-colectiva-en-el-sector-cooperativo","status":"publish","type":"post","link":"http:\/\/www.cudecoop.coop\/cudecoop\/estudio-de-algunas-areas-criticas-para-la-negociacion-colectiva-en-el-sector-cooperativo\/","title":{"rendered":"ESTUDIO DE ALGUNAS \u00c1REAS CR\u00cdTICAS PARA LA NEGOCIACI\u00d3N COLECTIVA EN EL SECTOR COOPERATIVO"},"content":{"rendered":"<p style=\"font-weight: 400;\">Te invitamos a participar del lanzamiento del estudio recientemente publicado sobre negociaci\u00f3n colectiva y cooperativismo.&nbsp;Investigaci\u00f3n realizada por el Instituto Juan Pablo Terra, con la coordinaci\u00f3n de CUDECOOP, en el marco del&nbsp;Proyecto ID-14 Literal \u00d1 2022 de INEFOP.<\/p>\n<p style=\"font-weight: 400;\">Actividad virtual con participaci\u00f3n de autoridades de las organizaciones involucradas y de sus redactores.&nbsp;<\/p>\n<p><strong>ESQUEMA PRELIMINAR DE PRESENTACI\u00d3N DEL LIBRO SOBRE ESTUDIOS EN NEGOCIACI\u00d3N COLECTIVA EN EL SECTOR COOPERATIVO.<\/strong><\/p>\n<p><strong>Jueves 18 de mayo 18:00hs &#8211; Actividad virtual<\/strong><\/p>\n<p>Unirse a la reuni\u00f3n Zoom<br \/>\n<a href=\"https:\/\/us02web.zoom.us\/j\/87320492808?pwd=cGxLaVVncU5tcFI4NmJoeWxQbThXUT09\" target=\"_blank\" rel=\"noopener noreferrer\" data-saferedirecturl=\"https:\/\/www.google.com\/url?q=https:\/\/us02web.zoom.us\/j\/87320492808?pwd%3DcGxLaVVncU5tcFI4NmJoeWxQbThXUT09&amp;source=gmail&amp;ust=1683735810718000&amp;usg=AOvVaw1hGPk_FndNxO41GPTM2fsF\">https:\/\/us02web.zoom.us\/j\/<wbr>87320492808?pwd=<wbr>cGxLaVVncU5tcFI4NmJoeWxQbThXUT<wbr>09<\/a><\/p>\n<p>ID de reuni\u00f3n: 873 2049 2808<br \/>\nC\u00f3digo de acceso: 558977<\/p>\n<p style=\"font-weight: 400;\"><strong>ESQUEMA PRELIMINAR DE PRESENTACI\u00d3N DEL LIBRO SOBRE ESTUDIOS EN&nbsp;NEGOCIACI\u00d3N&nbsp;COLECTIVA&nbsp;EN EL SECTOR COOPERATIVO.<\/strong><\/p>\n<p style=\"font-weight: 400;\"><strong>Jueves 18 de mayo 18:00hs<\/strong><\/p>\n<p style=\"font-weight: 400;\"><strong>18:00<\/strong>&nbsp;\u2013 Saludo institucional de autoridades de CUDECOOP, INEFOP e IJPT<\/p>\n<p style=\"font-weight: 400;\"><strong>18:10&nbsp;<\/strong>\u2013 Presentaci\u00f3n general de los estudios y la publicaci\u00f3n (Dr. Pablo Guerra \/ Ing. Agr. Gabriel Isola).<\/p>\n<p style=\"font-weight: 400;\"><strong>18:20<\/strong>&nbsp;\u2013 Presentaci\u00f3n del estudio de fallos judiciales \u2013 con \u00e9nfasis en las Cooperativas de Trabajo Asociado (Dr. Jos\u00e9 Pablo Garc\u00eda \/ Dra. Romina Gallardo).<\/p>\n<p style=\"font-weight: 400;\"><strong>18:40<\/strong>&nbsp;\u2013 Presentaci\u00f3n del estudio sobre las relaciones sindicatos \u2013 cooperativas, con \u00e9nfasis en las Cooperativas de Trabajo Asociado (Lic. Brisa de Gi\u00e1comi \/ Dr. Juan Pablo Mart\u00ed).<\/p>\n<p style=\"font-weight: 400;\"><strong>19:00<\/strong>&nbsp;\u2013 Presentaci\u00f3n del estudio sobre las condiciones de la mujer y sus especificidades en la&nbsp;negociaci\u00f3n&nbsp;colectiva&nbsp;en el cooperativismo de consumo y ahorro y cr\u00e9dito (Dr. Gerardo Montes).<\/p>\n<p style=\"font-weight: 400;\"><strong>19:10<\/strong>&nbsp;&#8211; Presentaci\u00f3n del estudio sobre las condiciones de la mujer y sus especificidades en la&nbsp;negociaci\u00f3n&nbsp;colectiva&nbsp;en el cooperativismo agrario. (Dra. Silvana Maubrigades y Lic. Mayra Fern\u00e1ndez).<\/p>\n<p style=\"font-weight: 400;\"><strong>19:20<\/strong>&nbsp;\u2013 Presentaci\u00f3n de buenas pr\u00e1cticas de&nbsp;Negociaci\u00f3n&nbsp;Colectiva&nbsp;en los procesos de recuperaci\u00f3n y\/o transferencia de empresas que se transforman a cooperativas. (Mag. In\u00e9s V\u00e1zquez).<\/p>\n<p style=\"font-weight: 400;\"><strong>19:40<\/strong>&nbsp;\u2013 Reflexiones finales.<\/p>\n","protected":false},"excerpt":{"rendered":"<p>Te invitamos a participar del lanzamiento del estudio recientemente publicado sobre negociaci\u00f3n colectiva y cooperativismo.&nbsp;Investigaci\u00f3n realizada por el Instituto Juan Pablo Terra, con la coordinaci\u00f3n de CUDECOOP, en el marco del&nbsp;Proyecto ID-14 Literal \u00d1 2022 de INEFOP. Actividad virtual con participaci\u00f3n de autoridades de las organizaciones involucradas y de sus redactores.&nbsp; ESQUEMA PRELIMINAR DE PRESENTACI\u00d3N DEL LIBRO SOBRE ESTUDIOS EN NEGOCIACI\u00d3N COLECTIVA EN EL SECTOR COOPERATIVO. Jueves 18 de mayo 18:00hs &#8211; Actividad virtual Unirse a la reuni\u00f3n Zoom<br \/> https:\/\/us02web.zoom.us\/j\/87320492808?pwd=cGxLaVVncU5tcFI4NmJoeWxQbThXUT09 ID de reuni\u00f3n: 873 2049 2808<br \/> C\u00f3digo de acceso: 558977 ESQUEMA PRELIMINAR DE PRESENTACI\u00d3N DEL LIBRO SOBRE ESTUDIOS [&#8230;]<\/p>\n","protected":false},"author":27,"featured_media":4091,"comment_status":"open","ping_status":"open","sticky":false,"template":"","format":"standard","meta":{"_acf_changed":false,"ngg_post_thumbnail":0,"footnotes":""},"categories":[7,6,1],"tags":[],"class_list":["post-4088","post","type-post","status-publish","format-standard","has-post-thumbnail","hentry","category-cooperativas","category-institucionales","category-noticias"],"acf":[],"_links":{"self":[{"href":"http:\/\/www.cudecoop.coop\/cudecoop\/wp-json\/wp\/v2\/posts\/4088","targetHints":{"allow":["GET"]}}],"collection":[{"href":"http:\/\/www.cudecoop.coop\/cudecoop\/wp-json\/wp\/v2\/posts"}],"about":[{"href":"http:\/\/www.cudecoop.coop\/cudecoop\/wp-json\/wp\/v2\/types\/post"}],"author":[{"embeddable":true,"href":"http:\/\/www.cudecoop.coop\/cudecoop\/wp-json\/wp\/v2\/users\/27"}],"replies":[{"embeddable":true,"href":"http:\/\/www.cudecoop.coop\/cudecoop\/wp-json\/wp\/v2\/comments?post=4088"}],"version-history":[{"count":4,"href":"http:\/\/www.cudecoop.coop\/cudecoop\/wp-json\/wp\/v2\/posts\/4088\/revisions"}],"predecessor-version":[{"id":4094,"href":"http:\/\/www.cudecoop.coop\/cudecoop\/wp-json\/wp\/v2\/posts\/4088\/revisions\/4094"}],"wp:featuredmedia":[{"embeddable":true,"href":"http:\/\/www.cudecoop.coop\/cudecoop\/wp-json\/wp\/v2\/media\/4091"}],"wp:attachment":[{"href":"http:\/\/www.cudecoop.coop\/cudecoop\/wp-json\/wp\/v2\/media?parent=4088"}],"wp:term":[{"taxonomy":"category","embeddable":true,"href":"http:\/\/www.cudecoop.coop\/cudecoop\/wp-json\/wp\/v2\/categories?post=4088"},{"taxonomy":"post_tag","embeddable":true,"href":"http:\/\/www.cudecoop.coop\/cudecoop\/wp-json\/wp\/v2\/tags?post=4088"}],"curies":[{"name":"wp","href":"https:\/\/api.w.org\/{rel}","templated":true}]}}