{"id":4082,"date":"2023-05-05T14:24:21","date_gmt":"2023-05-05T14:24:21","guid":{"rendered":"http:\/\/www.cudecoop.coop\/cudecoop\/?p=4082"},"modified":"2023-05-31T19:05:49","modified_gmt":"2023-05-31T19:05:49","slug":"mejora-de-gestion-para-empresas-cooperativas","status":"publish","type":"post","link":"http:\/\/www.cudecoop.coop\/cudecoop\/mejora-de-gestion-para-empresas-cooperativas\/","title":{"rendered":"Mejora de gesti\u00f3n para empresas cooperativas"},"content":{"rendered":"<p>Liderazgo, estrategia, desarrollo humano, procesos, sostenibilidad y resultados son dimensiones vitales para analizar y desarrollar con el fin de mejorar el posicionamiento, competitividad y sostenibilidad de la cooperativa. El objetivo del curso es dar a conocer la herramienta de gesti\u00f3n HIMA, que permite obtener un diagn\u00f3stico identificando fortalezas y oportunidades de mejora as\u00ed como contar con un plan de acci\u00f3n para implementar nuevas pr\u00e1cticas de gesti\u00f3n<u><\/u><u><\/u><\/p>\n<p>Comienza: 9 de mayo<u><\/u><u><\/u><\/p>\n<p>Finaliza: 23 de mayo<u><\/u><u><\/u><\/p>\n<p>Martes y jueves de 18 a 20 h<u><\/u><u><\/u><\/p>\n<p>Formaci\u00f3n sin costo.<u><\/u><u><\/u><\/p>\n<p>Inscripciones en:&nbsp;<a href=\"https:\/\/forms.gle\/fnFZgsadCNzxV1d87\" target=\"_blank\" rel=\"noopener noreferrer\" data-saferedirecturl=\"https:\/\/www.google.com\/url?q=https:\/\/forms.gle\/fnFZgsadCNzxV1d87&amp;source=gmail&amp;ust=1683312573609000&amp;usg=AOvVaw0xzw0Wj1CIpO7xsGBASPVS\">https:\/\/forms.gle\/<wbr>fnFZgsadCNzxV1d87<\/a><\/p>\n","protected":false},"excerpt":{"rendered":"<p>Liderazgo, estrategia, desarrollo humano, procesos, sostenibilidad y resultados son dimensiones vitales para analizar y desarrollar con el fin de mejorar el posicionamiento, competitividad y sostenibilidad de la cooperativa. El objetivo del curso es dar a conocer la herramienta de gesti\u00f3n HIMA, que permite obtener un diagn\u00f3stico identificando fortalezas y oportunidades de mejora as\u00ed como contar con un plan de acci\u00f3n para implementar nuevas pr\u00e1cticas de gesti\u00f3n Comienza: 9 de mayo Finaliza: 23 de mayo Martes y jueves de 18 a 20 h Formaci\u00f3n sin costo. Inscripciones [&#8230;]<\/p>\n","protected":false},"author":27,"featured_media":4081,"comment_status":"open","ping_status":"open","sticky":false,"template":"","format":"standard","meta":{"_acf_changed":false,"ngg_post_thumbnail":0,"footnotes":""},"categories":[7,6,1],"tags":[],"class_list":["post-4082","post","type-post","status-publish","format-standard","has-post-thumbnail","hentry","category-cooperativas","category-institucionales","category-noticias"],"acf":[],"_links":{"self":[{"href":"http:\/\/www.cudecoop.coop\/cudecoop\/wp-json\/wp\/v2\/posts\/4082","targetHints":{"allow":["GET"]}}],"collection":[{"href":"http:\/\/www.cudecoop.coop\/cudecoop\/wp-json\/wp\/v2\/posts"}],"about":[{"href":"http:\/\/www.cudecoop.coop\/cudecoop\/wp-json\/wp\/v2\/types\/post"}],"author":[{"embeddable":true,"href":"http:\/\/www.cudecoop.coop\/cudecoop\/wp-json\/wp\/v2\/users\/27"}],"replies":[{"embeddable":true,"href":"http:\/\/www.cudecoop.coop\/cudecoop\/wp-json\/wp\/v2\/comments?post=4082"}],"version-history":[{"count":1,"href":"http:\/\/www.cudecoop.coop\/cudecoop\/wp-json\/wp\/v2\/posts\/4082\/revisions"}],"predecessor-version":[{"id":4083,"href":"http:\/\/www.cudecoop.coop\/cudecoop\/wp-json\/wp\/v2\/posts\/4082\/revisions\/4083"}],"wp:featuredmedia":[{"embeddable":true,"href":"http:\/\/www.cudecoop.coop\/cudecoop\/wp-json\/wp\/v2\/media\/4081"}],"wp:attachment":[{"href":"http:\/\/www.cudecoop.coop\/cudecoop\/wp-json\/wp\/v2\/media?parent=4082"}],"wp:term":[{"taxonomy":"category","embeddable":true,"href":"http:\/\/www.cudecoop.coop\/cudecoop\/wp-json\/wp\/v2\/categories?post=4082"},{"taxonomy":"post_tag","embeddable":true,"href":"http:\/\/www.cudecoop.coop\/cudecoop\/wp-json\/wp\/v2\/tags?post=4082"}],"curies":[{"name":"wp","href":"https:\/\/api.w.org\/{rel}","templated":true}]}}