{"id":4076,"date":"2023-04-28T23:20:03","date_gmt":"2023-04-28T23:20:03","guid":{"rendered":"http:\/\/www.cudecoop.coop\/cudecoop\/?p=4076"},"modified":"2023-04-28T23:20:11","modified_gmt":"2023-04-28T23:20:11","slug":"cooperativas-el-desarrollo-sostenible-es-con-trabajo-decente","status":"publish","type":"post","link":"http:\/\/www.cudecoop.coop\/cudecoop\/cooperativas-el-desarrollo-sostenible-es-con-trabajo-decente\/","title":{"rendered":"Cooperativas: el desarrollo sostenible es con trabajo decente"},"content":{"rendered":"<p>Saludamos a todo el movimiento cooperativo en el d\u00eda internacional de las y los trabajadores.<\/p>\n<p>En 2002 la Organizaci\u00f3n Internacional del Trabajo acord\u00f3 la Recomendaci\u00f3n 193 para la Promoci\u00f3n de las Cooperativas.<\/p>\n<p>Hoy, la Resoluci\u00f3n de las Naciones Unidas del 18 de abril de 2023: \u201cPromover la econom\u00eda social y solidaria para el desarrollo sostenible\u201d vuelve a poner de manifiesto que las cooperativas son organizaciones estrat\u00e9gicas para la promoci\u00f3n del trabajo decente.<\/p>\n<p>&#8220;La historia demuestra que cuando nuestras experiencias adquieren determinado volumen y diversidad, se transforman en un veh\u00edculo estrat\u00e9gico imprescindible para el desarrollo sostenible de nuestras comunidades.&#8221;<br \/>\n*Graciela Fern\u00e1ndez, Presidenta de Cooperativas de las Am\u00e9ricas.<\/p>\n","protected":false},"excerpt":{"rendered":"<p>Saludamos a todo el movimiento cooperativo en el d\u00eda internacional de las y los trabajadores. En 2002 la Organizaci\u00f3n Internacional del Trabajo acord\u00f3 la Recomendaci\u00f3n 193 para la Promoci\u00f3n de las Cooperativas. Hoy, la Resoluci\u00f3n de las Naciones Unidas del 18 de abril de 2023: \u201cPromover la econom\u00eda social y solidaria para el desarrollo sostenible\u201d vuelve a poner de manifiesto que las cooperativas son organizaciones estrat\u00e9gicas para la promoci\u00f3n del trabajo decente. &#8220;La historia demuestra que cuando nuestras experiencias adquieren determinado volumen y diversidad, se transforman en un veh\u00edculo estrat\u00e9gico imprescindible para el desarrollo sostenible de nuestras comunidades.&#8221;<br \/> *Graciela [&#8230;]<\/p>\n","protected":false},"author":27,"featured_media":4077,"comment_status":"open","ping_status":"open","sticky":false,"template":"","format":"standard","meta":{"_acf_changed":false,"ngg_post_thumbnail":0,"footnotes":""},"categories":[7,6,1],"tags":[],"class_list":["post-4076","post","type-post","status-publish","format-standard","has-post-thumbnail","hentry","category-cooperativas","category-institucionales","category-noticias"],"acf":[],"_links":{"self":[{"href":"http:\/\/www.cudecoop.coop\/cudecoop\/wp-json\/wp\/v2\/posts\/4076","targetHints":{"allow":["GET"]}}],"collection":[{"href":"http:\/\/www.cudecoop.coop\/cudecoop\/wp-json\/wp\/v2\/posts"}],"about":[{"href":"http:\/\/www.cudecoop.coop\/cudecoop\/wp-json\/wp\/v2\/types\/post"}],"author":[{"embeddable":true,"href":"http:\/\/www.cudecoop.coop\/cudecoop\/wp-json\/wp\/v2\/users\/27"}],"replies":[{"embeddable":true,"href":"http:\/\/www.cudecoop.coop\/cudecoop\/wp-json\/wp\/v2\/comments?post=4076"}],"version-history":[{"count":1,"href":"http:\/\/www.cudecoop.coop\/cudecoop\/wp-json\/wp\/v2\/posts\/4076\/revisions"}],"predecessor-version":[{"id":4078,"href":"http:\/\/www.cudecoop.coop\/cudecoop\/wp-json\/wp\/v2\/posts\/4076\/revisions\/4078"}],"wp:featuredmedia":[{"embeddable":true,"href":"http:\/\/www.cudecoop.coop\/cudecoop\/wp-json\/wp\/v2\/media\/4077"}],"wp:attachment":[{"href":"http:\/\/www.cudecoop.coop\/cudecoop\/wp-json\/wp\/v2\/media?parent=4076"}],"wp:term":[{"taxonomy":"category","embeddable":true,"href":"http:\/\/www.cudecoop.coop\/cudecoop\/wp-json\/wp\/v2\/categories?post=4076"},{"taxonomy":"post_tag","embeddable":true,"href":"http:\/\/www.cudecoop.coop\/cudecoop\/wp-json\/wp\/v2\/tags?post=4076"}],"curies":[{"name":"wp","href":"https:\/\/api.w.org\/{rel}","templated":true}]}}