{"id":4071,"date":"2023-04-25T19:23:29","date_gmt":"2023-04-25T19:23:29","guid":{"rendered":"http:\/\/www.cudecoop.coop\/cudecoop\/?p=4071"},"modified":"2023-04-25T19:28:35","modified_gmt":"2023-04-25T19:28:35","slug":"taller-desafios-de-la-integracion-cooperativa-del-litoral","status":"publish","type":"post","link":"http:\/\/www.cudecoop.coop\/cudecoop\/taller-desafios-de-la-integracion-cooperativa-del-litoral\/","title":{"rendered":"Taller: &#8220;Desaf\u00edos de la integraci\u00f3n cooperativa del litoral&#8221;"},"content":{"rendered":"<p>&nbsp;En el Marco del 50\u00b0 Aniversario de COPERPAY, CUDECOOP y la Mesa Intercooperativa de Paysand\u00fa invitan a cooperativistas y p\u00fablico en general al&nbsp;<b><i><u>Taller: &#8220;Desaf\u00edos de la integraci\u00f3n cooperativa del litoral&#8221;<\/u><\/i><\/b><\/p>\n<div dir=\"auto\">Viernes 28 de abril<\/div>\n<div dir=\"auto\">18:00 hs.<\/div>\n<div dir=\"auto\">\n<div dir=\"auto\">Treinta y Tres Orientales 891 (Paysand\u00fa)<\/div>\n<\/div>\n<div dir=\"auto\">&nbsp;<\/div>\n<div dir=\"auto\">Para participar de forma virtual<\/div>\n<div dir=\"auto\">&nbsp;<\/div>\n<div dir=\"auto\">Link de la reuni\u00f3n de Zoom<br \/>\n<a href=\"https:\/\/us02web.zoom.us\/j\/87244623568?pwd=a0phNURiekFkanRuNzFXMDIzekk2UT09\" target=\"_blank\" rel=\"noopener\" data-saferedirecturl=\"https:\/\/www.google.com\/url?q=https:\/\/us02web.zoom.us\/j\/87244623568?pwd%3Da0phNURiekFkanRuNzFXMDIzekk2UT09&amp;source=gmail&amp;ust=1682517571361000&amp;usg=AOvVaw29k_VZ3D7cTldWdtwtcbmT\">https:\/\/us02web.zoom.us\/j\/<wbr>87244623568?pwd=<wbr>a0phNURiekFkanRuNzFXMDIzekk2UT<wbr>09<\/a><\/div>\n<div dir=\"auto\">&nbsp;<\/div>\n<div dir=\"auto\">ID de reuni\u00f3n: 872 4462 3568<br \/>\nC\u00f3digo de acceso: 015716<\/div>\n","protected":false},"excerpt":{"rendered":"<p>&nbsp;En el Marco del 50\u00b0 Aniversario de COPERPAY, CUDECOOP y la Mesa Intercooperativa de Paysand\u00fa invitan a cooperativistas y p\u00fablico en general al&nbsp;Taller: &#8220;Desaf\u00edos de la integraci\u00f3n cooperativa del litoral&#8221; Viernes 28 de abril 18:00 hs. Treinta y Tres Orientales 891 (Paysand\u00fa) &nbsp; Para participar de forma virtual &nbsp; Link de la reuni\u00f3n de Zoom<br \/> https:\/\/us02web.zoom.us\/j\/87244623568?pwd=a0phNURiekFkanRuNzFXMDIzekk2UT09 &nbsp; ID de reuni\u00f3n: 872 4462 3568<br \/> C\u00f3digo de acceso: [&#8230;]<\/p>\n","protected":false},"author":27,"featured_media":4072,"comment_status":"open","ping_status":"open","sticky":false,"template":"","format":"standard","meta":{"_acf_changed":false,"ngg_post_thumbnail":0,"footnotes":""},"categories":[7,6,1],"tags":[],"class_list":["post-4071","post","type-post","status-publish","format-standard","has-post-thumbnail","hentry","category-cooperativas","category-institucionales","category-noticias"],"acf":[],"_links":{"self":[{"href":"http:\/\/www.cudecoop.coop\/cudecoop\/wp-json\/wp\/v2\/posts\/4071","targetHints":{"allow":["GET"]}}],"collection":[{"href":"http:\/\/www.cudecoop.coop\/cudecoop\/wp-json\/wp\/v2\/posts"}],"about":[{"href":"http:\/\/www.cudecoop.coop\/cudecoop\/wp-json\/wp\/v2\/types\/post"}],"author":[{"embeddable":true,"href":"http:\/\/www.cudecoop.coop\/cudecoop\/wp-json\/wp\/v2\/users\/27"}],"replies":[{"embeddable":true,"href":"http:\/\/www.cudecoop.coop\/cudecoop\/wp-json\/wp\/v2\/comments?post=4071"}],"version-history":[{"count":3,"href":"http:\/\/www.cudecoop.coop\/cudecoop\/wp-json\/wp\/v2\/posts\/4071\/revisions"}],"predecessor-version":[{"id":4075,"href":"http:\/\/www.cudecoop.coop\/cudecoop\/wp-json\/wp\/v2\/posts\/4071\/revisions\/4075"}],"wp:featuredmedia":[{"embeddable":true,"href":"http:\/\/www.cudecoop.coop\/cudecoop\/wp-json\/wp\/v2\/media\/4072"}],"wp:attachment":[{"href":"http:\/\/www.cudecoop.coop\/cudecoop\/wp-json\/wp\/v2\/media?parent=4071"}],"wp:term":[{"taxonomy":"category","embeddable":true,"href":"http:\/\/www.cudecoop.coop\/cudecoop\/wp-json\/wp\/v2\/categories?post=4071"},{"taxonomy":"post_tag","embeddable":true,"href":"http:\/\/www.cudecoop.coop\/cudecoop\/wp-json\/wp\/v2\/tags?post=4071"}],"curies":[{"name":"wp","href":"https:\/\/api.w.org\/{rel}","templated":true}]}}