{"id":4063,"date":"2023-03-24T15:17:44","date_gmt":"2023-03-24T15:17:44","guid":{"rendered":"http:\/\/www.cudecoop.coop\/cudecoop\/?p=4063"},"modified":"2023-03-27T19:24:34","modified_gmt":"2023-03-27T19:24:34","slug":"mesa-redonda-negociacion-con-perspectiva-de-genero-desafios-a-cumplir","status":"publish","type":"post","link":"http:\/\/www.cudecoop.coop\/cudecoop\/mesa-redonda-negociacion-con-perspectiva-de-genero-desafios-a-cumplir\/","title":{"rendered":"Mesa Redonda &#8211; Negociaci\u00f3n con perspectiva de g\u00e9nero: desaf\u00edos a cumplir"},"content":{"rendered":"<p>Viernes 31 de marzo de 10 a 12h&nbsp;<\/p>\n<p>En el marco del mes de marzo, la Comisi\u00f3n de g\u00e9nero de CUDECOOP invita a una mesa redonda sobre negociaci\u00f3n con perspectiva de g\u00e9nero.&nbsp;<\/p>\n<p>La actividad se desarrolla de forma presencial para la Comisi\u00f3n de G\u00e9nero y socias de CUDECOOP, y las comisiones de g\u00e9nero de las federaciones, y por zoom para las comisiones de las Mesas Intercooperativas y p\u00fablico en general.<\/p>\n<p>10:00 hs &#8211; Apertura institucional a cargo de la Comisi\u00f3n de G\u00e9nero de CUDECOOP, G\u00e9nero de INEFOP.&nbsp;<\/p>\n<p>10:10 hs &#8211; Breve presentaci\u00f3n de la publicaci\u00f3n \u201cEstudio de algunas \u00e1reas cr\u00edticas para la negociaci\u00f3n colectiva en el sector cooperativo\u201d a cargo de Pablo Guerra.<\/p>\n<p>10:15 hs &#8211;&nbsp;\u201cEje 3: Identificar y analizar las condiciones de la mujer y sus especificidades en la negociaci\u00f3n colectiva como forma de disminuir las desigualdades de g\u00e9nero en cooperativas de consumo, ahorro y cr\u00e9dito y agrarias\u201d presentaci\u00f3n a cargo de Silvana Maubrigades y Gerardo Montes<\/p>\n<p>10:45 hs &#8211; Preguntas a los expositores<\/p>\n<p>10:55 hs &#8211; \u00bfCu\u00e1l es la realidad en las otras clases cooperativas? Intercambio entre las personas participantes.<\/p>\n<p>11:45 hs &#8211; Negociaci\u00f3n, resoluci\u00f3n de conflictos y mediaci\u00f3n, incorporaci\u00f3n de la perspectiva de g\u00e9nero. Reflexi\u00f3n a cargo de Alicia Kuster en base al intercambio realizado.<\/p>\n<p>La actividad ser\u00e1 h\u00edbrida: presencial para la Comisi\u00f3n de G\u00e9nero de CUDECOOP, de las federaciones y socias de Cudecoop. Por zoom estar\u00e1n las Comisiones de G\u00e9nero de las Mesas Intercooperativas y p\u00fablico en general.<\/p>\n<p>Link de acceso:<\/p>\n<p><a href=\"https:\/\/us06web.zoom.us\/j\/81599725221?pwd=WWtNVzBreXprak5jQ0lGNkZUSmJOZz09\" data-saferedirecturl=\"https:\/\/www.google.com\/url?q=https:\/\/us06web.zoom.us\/j\/81599725221?pwd%3DWWtNVzBreXprak5jQ0lGNkZUSmJOZz09&amp;source=gmail&amp;ust=1679684093650000&amp;usg=AOvVaw1HUkoxfI9mlKWWZdbmsItC\">https:\/\/us06web.zoom.us\/j\/81599725221?pwd=WWtNVzBreXprak5jQ0lGNkZUSmJOZz09<\/a><\/p>\n<p>ID de reuni\u00f3n: 815 9972 5221<\/p>\n<p>C\u00f3digo de acceso: 963986<\/p>\n<p>&nbsp;<\/p>\n<p><img loading=\"lazy\" decoding=\"async\" class=\"alignnone size-medium wp-image-4067\" src=\"http:\/\/www.cudecoop.coop\/cudecoop\/wp-content\/uploads\/2023\/03\/Cudecoop_genero_mesa-redonda_programa-189x300.png\" alt=\"\" width=\"189\" height=\"300\" srcset=\"http:\/\/www.cudecoop.coop\/cudecoop\/wp-content\/uploads\/2023\/03\/Cudecoop_genero_mesa-redonda_programa-189x300.png 189w, http:\/\/www.cudecoop.coop\/cudecoop\/wp-content\/uploads\/2023\/03\/Cudecoop_genero_mesa-redonda_programa-15x24.png 15w, http:\/\/www.cudecoop.coop\/cudecoop\/wp-content\/uploads\/2023\/03\/Cudecoop_genero_mesa-redonda_programa-23x36.png 23w, http:\/\/www.cudecoop.coop\/cudecoop\/wp-content\/uploads\/2023\/03\/Cudecoop_genero_mesa-redonda_programa-30x48.png 30w, http:\/\/www.cudecoop.coop\/cudecoop\/wp-content\/uploads\/2023\/03\/Cudecoop_genero_mesa-redonda_programa.png 596w\" sizes=\"auto, (max-width: 189px) 100vw, 189px\" \/><\/p>\n","protected":false},"excerpt":{"rendered":"<p>Viernes 31 de marzo de 10 a 12h&nbsp; En el marco del mes de marzo, la Comisi\u00f3n de g\u00e9nero de CUDECOOP invita a una mesa redonda sobre negociaci\u00f3n con perspectiva de g\u00e9nero.&nbsp; La actividad se desarrolla de forma presencial para la Comisi\u00f3n de G\u00e9nero y socias de CUDECOOP, y las comisiones de g\u00e9nero de las federaciones, y por zoom para las comisiones de las Mesas Intercooperativas y p\u00fablico en general. 10:00 hs &#8211; Apertura institucional a cargo de la Comisi\u00f3n de G\u00e9nero de CUDECOOP, G\u00e9nero de INEFOP.&nbsp; 10:10 hs &#8211; Breve presentaci\u00f3n de la publicaci\u00f3n \u201cEstudio de algunas \u00e1reas cr\u00edticas [&#8230;]<\/p>\n","protected":false},"author":27,"featured_media":4066,"comment_status":"open","ping_status":"open","sticky":false,"template":"","format":"standard","meta":{"_acf_changed":false,"ngg_post_thumbnail":0,"footnotes":""},"categories":[7,6,1],"tags":[],"class_list":["post-4063","post","type-post","status-publish","format-standard","has-post-thumbnail","hentry","category-cooperativas","category-institucionales","category-noticias"],"acf":[],"_links":{"self":[{"href":"http:\/\/www.cudecoop.coop\/cudecoop\/wp-json\/wp\/v2\/posts\/4063","targetHints":{"allow":["GET"]}}],"collection":[{"href":"http:\/\/www.cudecoop.coop\/cudecoop\/wp-json\/wp\/v2\/posts"}],"about":[{"href":"http:\/\/www.cudecoop.coop\/cudecoop\/wp-json\/wp\/v2\/types\/post"}],"author":[{"embeddable":true,"href":"http:\/\/www.cudecoop.coop\/cudecoop\/wp-json\/wp\/v2\/users\/27"}],"replies":[{"embeddable":true,"href":"http:\/\/www.cudecoop.coop\/cudecoop\/wp-json\/wp\/v2\/comments?post=4063"}],"version-history":[{"count":3,"href":"http:\/\/www.cudecoop.coop\/cudecoop\/wp-json\/wp\/v2\/posts\/4063\/revisions"}],"predecessor-version":[{"id":4068,"href":"http:\/\/www.cudecoop.coop\/cudecoop\/wp-json\/wp\/v2\/posts\/4063\/revisions\/4068"}],"wp:featuredmedia":[{"embeddable":true,"href":"http:\/\/www.cudecoop.coop\/cudecoop\/wp-json\/wp\/v2\/media\/4066"}],"wp:attachment":[{"href":"http:\/\/www.cudecoop.coop\/cudecoop\/wp-json\/wp\/v2\/media?parent=4063"}],"wp:term":[{"taxonomy":"category","embeddable":true,"href":"http:\/\/www.cudecoop.coop\/cudecoop\/wp-json\/wp\/v2\/categories?post=4063"},{"taxonomy":"post_tag","embeddable":true,"href":"http:\/\/www.cudecoop.coop\/cudecoop\/wp-json\/wp\/v2\/tags?post=4063"}],"curies":[{"name":"wp","href":"https:\/\/api.w.org\/{rel}","templated":true}]}}