{"id":4058,"date":"2023-03-23T18:50:41","date_gmt":"2023-03-23T18:50:41","guid":{"rendered":"http:\/\/www.cudecoop.coop\/cudecoop\/?p=4058"},"modified":"2023-03-23T18:58:57","modified_gmt":"2023-03-23T18:58:57","slug":"cooperativas-4-0-programa-de-digitalizacion-de-la-economia-social-2","status":"publish","type":"post","link":"http:\/\/www.cudecoop.coop\/cudecoop\/cooperativas-4-0-programa-de-digitalizacion-de-la-economia-social-2\/","title":{"rendered":"COOPERATIVAS 4.0 \u2013 PROGRAMA DE DIGITALIZACI\u00d3N DE LA ECONOM\u00cdA SOCIAL"},"content":{"rendered":"<p>Espacio de formaci\u00f3n digital para organizaciones de<br \/>\nla econom\u00eda social&nbsp;CCU y CUDECOOP, con financiamiento de INEFOP, y la co-ejecuci\u00f3n de&nbsp;FCPU contin\u00faan con el espacio de formaci\u00f3n para organizaciones de la&nbsp;econom\u00eda social con el objetivo de generar capacidades para que adopten&nbsp;pr\u00e1cticas y herramientas digitales que mejoren su competitividad, eficiencia&nbsp;organizacional y gobernanza.<\/p>\n<p>La formaci\u00f3n est\u00e1 dirigida a&nbsp;directivos, socios y funcionarios de las&nbsp;cooperativas de todas las clases y organizaciones de la econom\u00eda social, que&nbsp;quieren incorporar competencias transversales para la transformaci\u00f3n digital de sus organizaciones.<\/p>\n<p>&nbsp;<\/p>\n<p><strong>Calendario de cursos<\/strong><\/p>\n<p><strong>Introducci\u00f3n a las Tecnolog\u00edas de la Informaci\u00f3n y Comunicaci\u00f3n (TICs)<\/strong><br \/>\n<strong>al servicio de las cooperativas<\/strong> \u00bfPueden las nuevas tecnolog\u00edas mejorar el<br \/>\nfuncionamiento de mi cooperativa?&nbsp; (21 de marzo hasta el 18 de abril, martes&nbsp;y jueves)<\/p>\n<p><strong>Log\u00edstica&nbsp;&nbsp;<\/strong><span style=\"font-size: 1rem;\">(10 de abril al 15 de mayo, lunes y mi\u00e9rcoles, de 18 a 20 hs)<\/span><\/p>\n<p><strong>Negocios Digitales Cooperativos&nbsp;&nbsp;<\/strong>(28 de marzo al 2 de mayo, martes y&nbsp;jueves, de 18 a 20 hs)<\/p>\n<p><strong>Introducci\u00f3n a la herramienta de gesti\u00f3n HIMA&nbsp;<\/strong>(9 al 23 de mayo, martes y&nbsp;jueves, de 18 a 20 hs)&nbsp;<\/p>\n<p>Para inscribirse deben completar el formulario que aparece abajo. Se utiliza el<br \/>\nmismo para todos los cursos.<\/p>\n<p><a href=\"https:\/\/forms.gle\/hXLw3QxZUSVzHf5z5\">INSCRIPCIONES AQU\u00cd<\/a><\/p>\n","protected":false},"excerpt":{"rendered":"<p>Espacio de formaci\u00f3n digital para organizaciones de<br \/> la econom\u00eda social&nbsp;CCU y CUDECOOP, con financiamiento de INEFOP, y la co-ejecuci\u00f3n de&nbsp;FCPU contin\u00faan con el espacio de formaci\u00f3n para organizaciones de la&nbsp;econom\u00eda social con el objetivo de generar capacidades para que adopten&nbsp;pr\u00e1cticas y herramientas digitales que mejoren su competitividad, eficiencia&nbsp;organizacional y gobernanza. La formaci\u00f3n est\u00e1 dirigida a&nbsp;directivos, socios y funcionarios de las&nbsp;cooperativas de todas las clases y organizaciones de la econom\u00eda social, que&nbsp;quieren incorporar competencias transversales para la transformaci\u00f3n digital de sus organizaciones. &nbsp; Calendario de cursos Introducci\u00f3n a las Tecnolog\u00edas de la Informaci\u00f3n y Comunicaci\u00f3n (TICs)<br \/> al servicio de [&#8230;]<\/p>\n","protected":false},"author":27,"featured_media":3727,"comment_status":"open","ping_status":"open","sticky":false,"template":"","format":"standard","meta":{"_acf_changed":false,"ngg_post_thumbnail":0,"footnotes":""},"categories":[7,6,1],"tags":[],"class_list":["post-4058","post","type-post","status-publish","format-standard","has-post-thumbnail","hentry","category-cooperativas","category-institucionales","category-noticias"],"acf":[],"_links":{"self":[{"href":"http:\/\/www.cudecoop.coop\/cudecoop\/wp-json\/wp\/v2\/posts\/4058","targetHints":{"allow":["GET"]}}],"collection":[{"href":"http:\/\/www.cudecoop.coop\/cudecoop\/wp-json\/wp\/v2\/posts"}],"about":[{"href":"http:\/\/www.cudecoop.coop\/cudecoop\/wp-json\/wp\/v2\/types\/post"}],"author":[{"embeddable":true,"href":"http:\/\/www.cudecoop.coop\/cudecoop\/wp-json\/wp\/v2\/users\/27"}],"replies":[{"embeddable":true,"href":"http:\/\/www.cudecoop.coop\/cudecoop\/wp-json\/wp\/v2\/comments?post=4058"}],"version-history":[{"count":2,"href":"http:\/\/www.cudecoop.coop\/cudecoop\/wp-json\/wp\/v2\/posts\/4058\/revisions"}],"predecessor-version":[{"id":4060,"href":"http:\/\/www.cudecoop.coop\/cudecoop\/wp-json\/wp\/v2\/posts\/4058\/revisions\/4060"}],"wp:featuredmedia":[{"embeddable":true,"href":"http:\/\/www.cudecoop.coop\/cudecoop\/wp-json\/wp\/v2\/media\/3727"}],"wp:attachment":[{"href":"http:\/\/www.cudecoop.coop\/cudecoop\/wp-json\/wp\/v2\/media?parent=4058"}],"wp:term":[{"taxonomy":"category","embeddable":true,"href":"http:\/\/www.cudecoop.coop\/cudecoop\/wp-json\/wp\/v2\/categories?post=4058"},{"taxonomy":"post_tag","embeddable":true,"href":"http:\/\/www.cudecoop.coop\/cudecoop\/wp-json\/wp\/v2\/tags?post=4058"}],"curies":[{"name":"wp","href":"https:\/\/api.w.org\/{rel}","templated":true}]}}