{"id":4048,"date":"2023-03-10T15:11:35","date_gmt":"2023-03-10T15:11:35","guid":{"rendered":"http:\/\/www.cudecoop.coop\/cudecoop\/?p=4048"},"modified":"2023-03-22T17:35:15","modified_gmt":"2023-03-22T17:35:15","slug":"taller-de-coyuntura-economica","status":"publish","type":"post","link":"http:\/\/www.cudecoop.coop\/cudecoop\/taller-de-coyuntura-economica\/","title":{"rendered":"Taller de coyuntura econ\u00f3mica"},"content":{"rendered":"<p>En el marco de la Escuela Nacional del Cooperativismo te invitamos al taller sobre coyuntura econ\u00f3mica a cargo de Gabriela Mordecki, ex directora del Instituto de Econom\u00eda, de la Facultad de Ciencias Econ\u00f3micas y de Administraci\u00f3n.<\/p>\n<p>La actividad se realizar\u00e1 el martes 28 de marzo a las 18:30 hs.<\/p>\n<p>El taller puede realizarse de forma presencial en Cudecoop (18 de julio 948 of.502) o de manera virtual ingresando a la plataforma Zoom con los datos detallados debajo. En ambos casos es imprescindible completar el formulario de inscripci\u00f3n.&nbsp;<\/p>\n<p><strong>Inscripciones <a href=\"https:\/\/forms.gle\/KRvpteCwD4PcYFCZA\">aqu\u00ed<\/a><\/strong><\/p>\n<p><em>Para participar a distancia<\/em>:<\/p>\n<p>Unirse a la reuni\u00f3n:<br \/>\n<a href=\"https:\/\/us02web.zoom.us\/j\/84589755041?pwd=eGR1Q0RSa0x3M0xmazNIcHFjVkc3QT09\" target=\"_blank\" rel=\"noopener\" data-saferedirecturl=\"https:\/\/www.google.com\/url?q=https:\/\/us02web.zoom.us\/j\/84589755041?pwd%3DeGR1Q0RSa0x3M0xmazNIcHFjVkc3QT09&amp;source=gmail&amp;ust=1678544897043000&amp;usg=AOvVaw2QF9mT1chPZBXgVLiSbRem\">https:\/\/us02web.zoom.us\/j\/<wbr>84589755041?pwd=<wbr>eGR1Q0RSa0x3M0xmazNIcHFjVkc3QT<wbr>09<\/a><\/p>\n<p>ID de reuni\u00f3n: 845 8975 5041<br \/>\nC\u00f3digo de acceso: 906157<\/p>\n","protected":false},"excerpt":{"rendered":"<p>En el marco de la Escuela Nacional del Cooperativismo te invitamos al taller sobre coyuntura econ\u00f3mica a cargo de Gabriela Mordecki, ex directora del Instituto de Econom\u00eda, de la Facultad de Ciencias Econ\u00f3micas y de Administraci\u00f3n. La actividad se realizar\u00e1 el martes 28 de marzo a las 18:30 hs. El taller puede realizarse de forma presencial en Cudecoop (18 de julio 948 of.502) o de manera virtual ingresando a la plataforma Zoom con los datos detallados debajo. En ambos casos es imprescindible completar el formulario de inscripci\u00f3n.&nbsp; Inscripciones aqu\u00ed Para participar a distancia: Unirse a la reuni\u00f3n:<br \/> https:\/\/us02web.zoom.us\/j\/84589755041?pwd=eGR1Q0RSa0x3M0xmazNIcHFjVkc3QT09 ID [&#8230;]<\/p>\n","protected":false},"author":27,"featured_media":4057,"comment_status":"open","ping_status":"open","sticky":false,"template":"","format":"standard","meta":{"_acf_changed":false,"ngg_post_thumbnail":0,"footnotes":""},"categories":[7,6,1],"tags":[],"class_list":["post-4048","post","type-post","status-publish","format-standard","has-post-thumbnail","hentry","category-cooperativas","category-institucionales","category-noticias"],"acf":[],"_links":{"self":[{"href":"http:\/\/www.cudecoop.coop\/cudecoop\/wp-json\/wp\/v2\/posts\/4048","targetHints":{"allow":["GET"]}}],"collection":[{"href":"http:\/\/www.cudecoop.coop\/cudecoop\/wp-json\/wp\/v2\/posts"}],"about":[{"href":"http:\/\/www.cudecoop.coop\/cudecoop\/wp-json\/wp\/v2\/types\/post"}],"author":[{"embeddable":true,"href":"http:\/\/www.cudecoop.coop\/cudecoop\/wp-json\/wp\/v2\/users\/27"}],"replies":[{"embeddable":true,"href":"http:\/\/www.cudecoop.coop\/cudecoop\/wp-json\/wp\/v2\/comments?post=4048"}],"version-history":[{"count":3,"href":"http:\/\/www.cudecoop.coop\/cudecoop\/wp-json\/wp\/v2\/posts\/4048\/revisions"}],"predecessor-version":[{"id":4056,"href":"http:\/\/www.cudecoop.coop\/cudecoop\/wp-json\/wp\/v2\/posts\/4048\/revisions\/4056"}],"wp:featuredmedia":[{"embeddable":true,"href":"http:\/\/www.cudecoop.coop\/cudecoop\/wp-json\/wp\/v2\/media\/4057"}],"wp:attachment":[{"href":"http:\/\/www.cudecoop.coop\/cudecoop\/wp-json\/wp\/v2\/media?parent=4048"}],"wp:term":[{"taxonomy":"category","embeddable":true,"href":"http:\/\/www.cudecoop.coop\/cudecoop\/wp-json\/wp\/v2\/categories?post=4048"},{"taxonomy":"post_tag","embeddable":true,"href":"http:\/\/www.cudecoop.coop\/cudecoop\/wp-json\/wp\/v2\/tags?post=4048"}],"curies":[{"name":"wp","href":"https:\/\/api.w.org\/{rel}","templated":true}]}}