{"id":4040,"date":"2023-03-06T15:50:23","date_gmt":"2023-03-06T15:50:23","guid":{"rendered":"http:\/\/www.cudecoop.coop\/cudecoop\/?p=4040"},"modified":"2023-03-08T12:55:39","modified_gmt":"2023-03-08T12:55:39","slug":"cooperativismo-compromiso-con-la-igualdad-de-genero","status":"publish","type":"post","link":"http:\/\/www.cudecoop.coop\/cudecoop\/cooperativismo-compromiso-con-la-igualdad-de-genero\/","title":{"rendered":"Cooperativismo = Compromiso con la igualdad de g\u00e9nero"},"content":{"rendered":"<p>En este 8 de marzo, saludamos a todas las mujeres cooperativistas que d\u00eda a d\u00eda construyen nuestro movimiento y nos unimos para reafirmar nuestra convicci\u00f3n de trasversalizar con la perspectiva de g\u00e9nero al movimiento cooperativo. Nos comprometemos a seguir buscando soluciones a trav\u00e9s de cambios normativos, mayor participaci\u00f3n en los cargos de direcci\u00f3n de nuestras cooperativas, corresponsabilidad, empoderamiento, formaci\u00f3n, cotitularidad y protocolos de acci\u00f3n ante la violencia. Por un cooperativismo m\u00e1s equitativo instamos a todo el cooperativismo a forjar los lazos de unidad<\/p>\n<h2><span class=\"im\">El movimiento cooperativo realizar\u00e1 estas actividades en todo el pa\u00eds:<\/span><\/h2>\n<p><em><strong><u>Cudecoop<\/u><\/strong><\/em>:<\/p>\n<div>\n<div class=\"im\">\n<ul>\n<li>Difusi\u00f3n de este comunicado en los medios de comunicaci\u00f3n de la Confederaci\u00f3n<\/li>\n<li>Participaci\u00f3n en la marcha en los diferentes departamentos del pa\u00eds<\/li>\n<li>Difundir y acompa\u00f1ar las actividades programadas de las Federaciones y Mesas Intercooperativas<\/li>\n<li>Compartir el mensaje del Comit\u00e9 Regional de Equidad de G\u00e9nero de Cooperativas de las Am\u00e9ricas<\/li>\n<li>Taller tem\u00e1tico de la Comisi\u00f3n de G\u00e9nero de CUDECOOP con las comisiones de g\u00e9nero de las federaciones, entidades socias y las comisiones de las mesas intercooperativas departamentales, presencial y virtual co-organizado con la institucionalidad p\u00fablica referente para el Movimiento.<\/li>\n<\/ul>\n<p>FCPU:<\/p>\n<ul>\n<li>Lectura de proclama en la Casa de FCPU (Salto 1289) para luego partir desde all\u00ed hacia la marcha.<\/li>\n<li>Colocaci\u00f3n de una bandera violeta iluminada en la fachada de FCPU.<\/li>\n<li>Conversatorio: \u201cc\u00f3mo afecta a las mujeres la reforma de la seguridad social\u201d<\/li>\n<\/ul>\n<p>FUCC:<\/p>\n<ul>\n<li>Difusi\u00f3n de Mensaje de la Comisi\u00f3n de G\u00e9nero de FUCC en Adhesi\u00f3n al D\u00eda Internacional de la Mujer.<\/li>\n<li>Participaci\u00f3n en la Movilizaci\u00f3n, elaboraci\u00f3n de materiales, campa\u00f1a en redes y pagina Web de la Federaci\u00f3n y cooperativas socias.<\/li>\n<li>15\/03 Taller sobre violencia de g\u00e9nero, independencia econ\u00f3mica y delitos sexuales en COSAP (en dos horarios, matutino y vespertino)<\/li>\n<li>23\/03 Tertulia Cooperativa organizada por la Comisi\u00f3n de G\u00e9nero de la Federaci\u00f3n<\/li>\n<\/ul>\n<p>FUCVAM:<\/p>\n<ul>\n<li>Pintada del muro y preparativos para la movilizaci\u00f3n en la sede de FUCVAM (25\/3)<\/li>\n<li>Programas especiales del \u00e1rea de G\u00e9nero en el espacio de FUCVAM en Radio F\u00e9nix (28\/2 y 7\/3)<\/li>\n<li>Video con fotos y mensajes de mujeres cooperativistas de vivienda para difundir<\/li>\n<li>Amanecer violeta, intervenci\u00f3n con pancartas y decoraciones violetas en todas las cooperativas del pa\u00eds<\/li>\n<li>Participaci\u00f3n en la marcha con concentraci\u00f3n en 18 de julio y Paraguay con cascos pintados de violeta&nbsp;<\/li>\n<\/ul>\n<p>CNFR:<\/p>\n<ul>\n<li>Publicaci\u00f3n de una placa, revalorizando el rol de las mujeres rurales en el contexto actual de crisis clim\u00e1tica, por situaci\u00f3n de sequ\u00eda.<\/li>\n<li>Reuni\u00f3n de la Comisi\u00f3n de Mujeres Referentes del Sistema de Fomento Rural reivindicando la plataforma de propuesta de Pol\u00edticas P\u00fablicas Diferenciadas para el Desarrollo de la Agricultura Familiar de CNFR.<\/li>\n<li>Intercambio entre referentes de la Comisi\u00f3n de Mujeres Referentes del Sistema de Fomento Rural con la Mesa Ejecutiva, sobre la priorizaci\u00f3n de los temas planteados por las mujeres en el marco del contexto de sequ\u00eda actual.<\/li>\n<\/ul>\n<p>FECOVI:<\/p>\n<ul>\n<li>Proclama visible en la web y redes sociales de la Federaci\u00f3n.<\/li>\n<li>Colocaci\u00f3n de carteles en las cooperativas socias y mensajes alusivos en cada casas o balc\u00f3n.<\/li>\n<li>Compartir en las redes las distintas intervenciones que se vayan realizando en las Cooperativas de vivienda.<\/li>\n<li>Participaci\u00f3n de las cooperativistas en la marcha #8M. Punto de encuentro 18 de Julio y Paraguay.<\/li>\n<li>Publicaciones en Instagram&nbsp; para fomentar los Talleres de: Sensibilizaci\u00f3n en G\u00e9nero. Convivencia y Cooperativismo. Protocolo de actuaci\u00f3n ante situaciones de Violencia basada en G\u00e9nero a cargo del \u00c1rea Social y CEFIC &#8211; G\u00e9nero.<\/li>\n<li>Charla a cargo de Karina Sosa y Elbia Pereira sobre la Reforma en Seguridad Social desde la Perspectiva de G\u00e9nero. Se realizar\u00e1 en la sede de FECOVI la \u00faltima semana de Marzo, fecha a confirmar.<\/li>\n<li>Entrevistas a distintas mujeres del movimiento cooperativo en formato podcast.<\/li>\n<\/ul>\n<p>CAF:<\/p>\n<ul>\n<li>7\/03 actividad por motivo del D\u00eda Internacional de la Mujer homenajeando a mujeres que realizan una labor destacada en diversos \u00e1mbitos cooperativos. Se trasmitir\u00e1 en vivo a trav\u00e9s del canal de YouTube de CAF<\/li>\n<\/ul>\n<p>CONFIAR:<\/p>\n<ul>\n<li>Elaboraci\u00f3n de afiches \u201corganizadas somos m\u00e1s fuertes\u201d, publicaci\u00f3n y env\u00edo a todas las Agencias del Interior del Pa\u00eds de Cooperativa Artigas.<\/li>\n<li>Actividades en las agencias de la Cooperativa Artigas en Montevideo y el interior del pa\u00eds (Treinta y Tres, Minas, Durazno, Col\u00f3n, Salinas, Salto, Paysand\u00fa y San Ram\u00f3n)<\/li>\n<li>Revisi\u00f3n de la misi\u00f3n y visi\u00f3n de Cooperativa Artigas incorporando la perspectiva de g\u00e9nero<\/li>\n<li>Declaratoria publicada en la web de Cooperativa Artigas<\/li>\n<li>10\/03 Taller de sensibilizaci\u00f3n sobre g\u00e9nero para FECOAC<\/li>\n<li>Entrevista en Mundo Cooperativo (programa televisivo)<\/li>\n<li>Convocatoria a la marcha el d\u00eda 8\/3 a las 17.30 horas en la Cooperativa Artigas en su sede Central de 18 de Julio y entrega de morrales<\/li>\n<\/ul>\n<p>CUCACC:<\/p>\n<ul>\n<li>Taller de sensibilizaci\u00f3n en g\u00e9nero para el Consejo Directivo de la C\u00e1mara.<\/li>\n<li>Acciones referidas a la fecha de cada cooperativa socia hacia sus asociados y la comunidad en sus zonas de influencia<\/li>\n<\/ul>\n<p>CCU:<\/p>\n<ul>\n<li>8M paramos las mujeres<\/li>\n<li>Campa\u00f1a en redes&nbsp;<\/li>\n<li>Taller de trabajo- actividad de fortalecimiento interno de discusi\u00f3n sobre la tem\u00e1tica<\/li>\n<li>Intervenci\u00f3n de la fachada de la sede para visibilizar el mes de la mujer<\/li>\n<\/ul>\n<p><em><strong><u>Y en las Mesas Intercooperativas Departamentales<\/u><\/strong>:<\/em><\/p>\n<p>TACUAREMB\u00d3:<\/p>\n<ul>\n<li>Intervenci\u00f3n con cartel y folletos con mensaje &#8220;nos sembraron miedo nos crecieron alas&#8221;. Zona del parque. Presencia de otras organizaciones y de la Bantu con cuerdas de tambores.<\/li>\n<li>Actividad en conjunto con el colectivo MDFA y mujeres murguistas. Presencia de la Bantu con el cuerpo de baile y las integrantes de la Comisi\u00f3n.<\/li>\n<li>Coordinaci\u00f3n con la Comisi\u00f3n de g\u00e9nero de la Junta Departamental y su presidencia para amplificaci\u00f3n e iluminaci\u00f3n del hongo con el color violeta.<\/li>\n<li>Coordinaci\u00f3n con intersindical en la organizaci\u00f3n de la marcha local<\/li>\n<li>Conferencia de prensa en CBN3 previo al 8M para convocar a las actividades.<\/li>\n<li>7\/03 concentraci\u00f3n en la tardeen polideportivo para preparar el amanecer violeta en diferentes puntos de la ciudad.<\/li>\n<li>Afiche de difusi\u00f3n de actividades.<\/li>\n<li>Presencia en la prensa local<\/li>\n<\/ul>\n<p>CERRO LARGO:<\/p>\n<ul>\n<li>Participaci\u00f3n en la marcha en Melo con la pancarta de \u201cMujeres cooperativistas\u201d<\/li>\n<li>Entrevistas en medio de prensa locales, as\u00ed como en Radio Nova (cooperativa local)<\/li>\n<\/ul>\n<p>PAYSAND\u00da:<\/p>\n<ul>\n<li>Participaci\u00f3n en la marcha convocada por colectivas e Instituciones<\/li>\n<li>Pegatina de proclama Cudecoop por comercios y cooperativas del departamento<\/li>\n<li>Participaci\u00f3n de actividad de &#8220;m\u00e1s valor&#8221; convocada por Inmujeres<\/li>\n<li>Reconocimiento en Junta Departamental a las mujeres cooperativistas<\/li>\n<li>Feria de mujeres- Coperpay<\/li>\n<li>Sensibilizaci\u00f3n en g\u00e9nero &#8211; actividad a coordinar con RTG &#8211;<\/li>\n<li>Nota en medios de prensa locales.<\/li>\n<\/ul>\n<p>SALTO:<\/p>\n<ul>\n<li>Participaci\u00f3n de la Mesa Intercooperativa de Salto en la marcha del departamento junto con la mesa regional de Fucvam<\/li>\n<li>\u201cSalto violeta\u201d colocaci\u00f3n de cintas violetas en el centro de la ciudad<\/li>\n<li>Publicaci\u00f3n de un comunicado en prensa<\/li>\n<li>Colocaci\u00f3n de carteles y pa\u00f1uelos violetas en las canchas de futbol y babyfutbol locales<\/li>\n<\/ul>\n<\/div>\n<div class=\"im\">\n<p>TREINTA Y TRES:<\/p>\n<ul>\n<li>Participaci\u00f3n en Charla de la Instituci\u00f3n de DDHH sobre brechas salariales organizado por la Intendencia<\/li>\n<li>Acompa\u00f1amos a COMAC en el homenaje a la mujer cooperativista<\/li>\n<li>Participaci\u00f3n Cine foro con adultas mayores y j\u00f3venes en un intercambio generacional sobre el uso del tiempo libre. Organiza Inmujeres, Redam y Ajupen<\/li>\n<li>Acompa\u00f1a a cooperativa Artigas en marcha desde sede a Plaza de la Mujer, donde se leer\u00e1 proclama elaborada por socias de esa cooperativa. Desde ah\u00ed marchar\u00e1n con el resto de las organizaciones<\/li>\n<\/ul>\n<p>FLORIDA:<\/p>\n<ul>\n<li><span style=\"font-size: 1rem;\">Participaci\u00f3n en la marcha del departamento<\/span><\/li>\n<li>Concentraci\u00f3n para la marcha y entrega de morrales de Filial Treinta y Tres de Cooperativa Artigas<\/li>\n<li>Proclama a ser difundida por los medios de comunicaci\u00f3n local<\/li>\n<\/ul>\n<p>SORIANO:<\/p>\n<ul>\n<li>Participaci\u00f3n de las cooperativistas en la marcha en cada ciudad del departamento<\/li>\n<li>Intervenci\u00f3n de colectiva &#8220;El Elefante&#8221; actividad co-organizada con Comisi\u00f3n de G\u00e9nero de Fucvam<\/li>\n<li>Colocaci\u00f3n de carteles alusivos a la fecha<\/li>\n<\/ul>\n<p>CANELONES:<\/p>\n<ul>\n<li>Participaci\u00f3n de las cooperativistas en la marcha en cada ciudad del departamento<\/li>\n<li>Colocaci\u00f3n de carteles alusivos a la fecha<\/li>\n<\/ul>\n<p>MALDONADO:<\/p>\n<ul>\n<li>Participaci\u00f3n de las cooperativistas en la marcha en cada ciudad del departamento<\/li>\n<li>Colocaci\u00f3n de carteles alusivos a la fecha<\/li>\n<\/ul>\n<p>RIO NEGRO:<\/p>\n<ul>\n<li>Participaci\u00f3n de las cooperativistas en la marcha en cada ciudad del departamento<\/li>\n<li>Colocaci\u00f3n de carteles alusivos a la fecha<\/li>\n<li>Elaboraci\u00f3n por parte de la Mesa un mensaje a la prensa<\/li>\n<\/ul>\n<p>COLONIA:<\/p>\n<\/div>\n<\/div>\n<ul>\n<li>Participaci\u00f3n de las cooperativistas en la marcha en cada ciudad del departamento<\/li>\n<\/ul>\n<p><em><span class=\"im\"><u><strong>A nivel del Comit\u00e9 Regional de Equidad de G\u00e9nero de Cooperativa de las Am\u00e9ricas<\/strong><\/u>:<\/span><\/em><\/p>\n<ul>\n<li>08\/03 Conferencia online sobre Mujeres y Liderazgo<\/li>\n<li>Comunicado a ser difundido en la web y redes sociales<\/li>\n<\/ul>\n<p>&nbsp;<\/p>\n","protected":false},"excerpt":{"rendered":"<p>En este 8 de marzo, saludamos a todas las mujeres cooperativistas que d\u00eda a d\u00eda construyen nuestro movimiento y nos unimos para reafirmar nuestra convicci\u00f3n de trasversalizar con la perspectiva de g\u00e9nero al movimiento cooperativo. Nos comprometemos a seguir buscando soluciones a trav\u00e9s de cambios normativos, mayor participaci\u00f3n en los cargos de direcci\u00f3n de nuestras cooperativas, corresponsabilidad, empoderamiento, formaci\u00f3n, cotitularidad y protocolos de acci\u00f3n ante la violencia. Por un cooperativismo m\u00e1s equitativo instamos a todo el cooperativismo a forjar los lazos de unidad El movimiento cooperativo realizar\u00e1 estas actividades en todo el pa\u00eds: Cudecoop: Difusi\u00f3n de este comunicado en los [&#8230;]<\/p>\n","protected":false},"author":27,"featured_media":4043,"comment_status":"open","ping_status":"open","sticky":false,"template":"","format":"standard","meta":{"_acf_changed":false,"ngg_post_thumbnail":0,"footnotes":""},"categories":[7,6,1],"tags":[],"class_list":["post-4040","post","type-post","status-publish","format-standard","has-post-thumbnail","hentry","category-cooperativas","category-institucionales","category-noticias"],"acf":[],"_links":{"self":[{"href":"http:\/\/www.cudecoop.coop\/cudecoop\/wp-json\/wp\/v2\/posts\/4040","targetHints":{"allow":["GET"]}}],"collection":[{"href":"http:\/\/www.cudecoop.coop\/cudecoop\/wp-json\/wp\/v2\/posts"}],"about":[{"href":"http:\/\/www.cudecoop.coop\/cudecoop\/wp-json\/wp\/v2\/types\/post"}],"author":[{"embeddable":true,"href":"http:\/\/www.cudecoop.coop\/cudecoop\/wp-json\/wp\/v2\/users\/27"}],"replies":[{"embeddable":true,"href":"http:\/\/www.cudecoop.coop\/cudecoop\/wp-json\/wp\/v2\/comments?post=4040"}],"version-history":[{"count":5,"href":"http:\/\/www.cudecoop.coop\/cudecoop\/wp-json\/wp\/v2\/posts\/4040\/revisions"}],"predecessor-version":[{"id":4047,"href":"http:\/\/www.cudecoop.coop\/cudecoop\/wp-json\/wp\/v2\/posts\/4040\/revisions\/4047"}],"wp:featuredmedia":[{"embeddable":true,"href":"http:\/\/www.cudecoop.coop\/cudecoop\/wp-json\/wp\/v2\/media\/4043"}],"wp:attachment":[{"href":"http:\/\/www.cudecoop.coop\/cudecoop\/wp-json\/wp\/v2\/media?parent=4040"}],"wp:term":[{"taxonomy":"category","embeddable":true,"href":"http:\/\/www.cudecoop.coop\/cudecoop\/wp-json\/wp\/v2\/categories?post=4040"},{"taxonomy":"post_tag","embeddable":true,"href":"http:\/\/www.cudecoop.coop\/cudecoop\/wp-json\/wp\/v2\/tags?post=4040"}],"curies":[{"name":"wp","href":"https:\/\/api.w.org\/{rel}","templated":true}]}}