{"id":4007,"date":"2022-12-23T16:27:11","date_gmt":"2022-12-23T16:27:11","guid":{"rendered":"http:\/\/www.cudecoop.coop\/cudecoop\/?p=4007"},"modified":"2022-12-23T16:27:59","modified_gmt":"2022-12-23T16:27:59","slug":"para-todas-y-todos-las-mejores-fiestas-y-un-excelente-ano-nuevo","status":"publish","type":"post","link":"http:\/\/www.cudecoop.coop\/cudecoop\/para-todas-y-todos-las-mejores-fiestas-y-un-excelente-ano-nuevo\/","title":{"rendered":"Para todas y todos las mejores fiestas y un excelente a\u00f1o nuevo"},"content":{"rendered":"<div dir=\"auto\">\n<div dir=\"auto\">\n<p>Cerramos un a\u00f1o de enorme actividad en el que hemos reafirmado el compromiso de las cooperativas con la sostenibilidad.<\/p>\n<p>Nuestro 5to Encuentro nacional de cooperativas permiti\u00f3 la participaci\u00f3n de m\u00e1s de 1.500 cooperativistas de todo el pa\u00eds, en un recorrido que incluy\u00f3 todas las regiones y a todas las clases cooperativas.<\/p>\n<p>Las conclusiones reafirman el papel que han tenido las cooperativas en la recuperaci\u00f3n post-pandemia, as\u00ed como el compromiso con la innovaci\u00f3n y el desarrollo sostenible del pa\u00eds.<\/p>\n<p>Hemos logrado importantes avances en desaf\u00edos estrat\u00e9gicos como el de la equidad de g\u00e9nero y la formaci\u00f3n cooperativa.<\/p>\n<p>Hemos sido ratificados en la conducci\u00f3n continental del movimiento cooperativo, as\u00ed como en los diversos espacios de cogesti\u00f3n de las pol\u00edticas p\u00fablicas.<\/p>\n<p>Agradecemos a cada socia y a cada cooperativista por su esfuerzo, y los convocamos a profundizar nuestras acciones en el 2023, a\u00f1o de nuestro 35 aniversario.<\/p>\n<p>Para todas y todos las mejores fiestas y un excelente a\u00f1o nuevo.<\/p>\n<\/div>\n<\/div>\n","protected":false},"excerpt":{"rendered":"<p>Cerramos un a\u00f1o de enorme actividad en el que hemos reafirmado el compromiso de las cooperativas con la sostenibilidad. Nuestro 5to Encuentro nacional de cooperativas permiti\u00f3 la participaci\u00f3n de m\u00e1s de 1.500 cooperativistas de todo el pa\u00eds, en un recorrido que incluy\u00f3 todas las regiones y a todas las clases cooperativas. Las conclusiones reafirman el papel que han tenido las cooperativas en la recuperaci\u00f3n post-pandemia, as\u00ed como el compromiso con la innovaci\u00f3n y el desarrollo sostenible del pa\u00eds. Hemos logrado importantes avances en desaf\u00edos estrat\u00e9gicos como el de la equidad de g\u00e9nero y la formaci\u00f3n cooperativa. Hemos sido ratificados en [&#8230;]<\/p>\n","protected":false},"author":27,"featured_media":4009,"comment_status":"open","ping_status":"open","sticky":false,"template":"","format":"standard","meta":{"_acf_changed":false,"ngg_post_thumbnail":0,"footnotes":""},"categories":[7,6,1],"tags":[],"class_list":["post-4007","post","type-post","status-publish","format-standard","has-post-thumbnail","hentry","category-cooperativas","category-institucionales","category-noticias"],"acf":[],"_links":{"self":[{"href":"http:\/\/www.cudecoop.coop\/cudecoop\/wp-json\/wp\/v2\/posts\/4007","targetHints":{"allow":["GET"]}}],"collection":[{"href":"http:\/\/www.cudecoop.coop\/cudecoop\/wp-json\/wp\/v2\/posts"}],"about":[{"href":"http:\/\/www.cudecoop.coop\/cudecoop\/wp-json\/wp\/v2\/types\/post"}],"author":[{"embeddable":true,"href":"http:\/\/www.cudecoop.coop\/cudecoop\/wp-json\/wp\/v2\/users\/27"}],"replies":[{"embeddable":true,"href":"http:\/\/www.cudecoop.coop\/cudecoop\/wp-json\/wp\/v2\/comments?post=4007"}],"version-history":[{"count":3,"href":"http:\/\/www.cudecoop.coop\/cudecoop\/wp-json\/wp\/v2\/posts\/4007\/revisions"}],"predecessor-version":[{"id":4011,"href":"http:\/\/www.cudecoop.coop\/cudecoop\/wp-json\/wp\/v2\/posts\/4007\/revisions\/4011"}],"wp:featuredmedia":[{"embeddable":true,"href":"http:\/\/www.cudecoop.coop\/cudecoop\/wp-json\/wp\/v2\/media\/4009"}],"wp:attachment":[{"href":"http:\/\/www.cudecoop.coop\/cudecoop\/wp-json\/wp\/v2\/media?parent=4007"}],"wp:term":[{"taxonomy":"category","embeddable":true,"href":"http:\/\/www.cudecoop.coop\/cudecoop\/wp-json\/wp\/v2\/categories?post=4007"},{"taxonomy":"post_tag","embeddable":true,"href":"http:\/\/www.cudecoop.coop\/cudecoop\/wp-json\/wp\/v2\/tags?post=4007"}],"curies":[{"name":"wp","href":"https:\/\/api.w.org\/{rel}","templated":true}]}}