{"id":3995,"date":"2022-12-20T18:48:17","date_gmt":"2022-12-20T18:48:17","guid":{"rendered":"http:\/\/www.cudecoop.coop\/cudecoop\/?p=3995"},"modified":"2022-12-20T20:40:43","modified_gmt":"2022-12-20T20:40:43","slug":"cerramos-tacuarembo-capital-del-cooperativismo-2022","status":"publish","type":"post","link":"http:\/\/www.cudecoop.coop\/cudecoop\/cerramos-tacuarembo-capital-del-cooperativismo-2022\/","title":{"rendered":"Cerramos Tacuaremb\u00f3 capital del Cooperativismo 2022"},"content":{"rendered":"<p>El viernes 16 de diciembre se realiz\u00f3 un evento de&nbsp;cierre de&nbsp;Tacuaremb\u00f3 capital del Cooperativismo 2022 en la cooperativa de viviendas COTAVIAM.<\/p>\n<p>Por Cudecoop participaron Alicia Maneiro, presidenta, y \u00c1ngeles Datti, vicepresidenta segunda.<\/p>\n<p>Se present\u00f3 el libro \u201cAuditar las experiencias, aprendizajes y sociabilidad comunitaria en las cooperativas de vivienda por ayuda mutua. Licenciado en Trabajo Social, docente de UDELAR.&nbsp;<br \/>\nLic. Gustavo Machado.&nbsp;<\/p>\n<p>Adem\u00e1s la presentaci\u00f3n del libro 50 a\u00f1os cooperativa de viviendas de usuarios COTAVIAM: \u201cNuestro sue\u00f1o hecho realidad 50 a\u00f1os COTAVIAM&#8221;, y se realiz\u00f3 el taller \u201cEl trabajo social en las cooperativas: lo esencial e invisible\u201d a cargo del Lic. Gustavo Macha,&nbsp;<span class=\"css-901oao css-16my406 r-poiln3 r-bcqeeo r-qvutc0\">docente e investigador de la Universidad de la Rep\u00fablica.&nbsp;<\/span><\/p>\n<p><a href=\"https:\/\/www.youtube.com\/watch?v=8g_F0hzZw2Q\">Ver video<\/a><\/p>\n","protected":false},"excerpt":{"rendered":"<p>El viernes 16 de diciembre se realiz\u00f3 un evento de&nbsp;cierre de&nbsp;Tacuaremb\u00f3 capital del Cooperativismo 2022 en la cooperativa de viviendas COTAVIAM. Por Cudecoop participaron Alicia Maneiro, presidenta, y \u00c1ngeles Datti, vicepresidenta segunda. Se present\u00f3 el libro \u201cAuditar las experiencias, aprendizajes y sociabilidad comunitaria en las cooperativas de vivienda por ayuda mutua. Licenciado en Trabajo Social, docente de UDELAR.&nbsp;<br \/> Lic. Gustavo Machado.&nbsp; Adem\u00e1s la presentaci\u00f3n del libro 50 a\u00f1os cooperativa de viviendas de usuarios COTAVIAM: \u201cNuestro sue\u00f1o hecho realidad 50 a\u00f1os COTAVIAM&#8221;, y se realiz\u00f3 el taller \u201cEl trabajo social en las cooperativas: lo esencial e invisible\u201d a cargo del [&#8230;]<\/p>\n","protected":false},"author":27,"featured_media":4000,"comment_status":"open","ping_status":"open","sticky":false,"template":"","format":"standard","meta":{"_acf_changed":false,"ngg_post_thumbnail":0,"footnotes":""},"categories":[7,6,1],"tags":[],"class_list":["post-3995","post","type-post","status-publish","format-standard","has-post-thumbnail","hentry","category-cooperativas","category-institucionales","category-noticias"],"acf":[],"_links":{"self":[{"href":"http:\/\/www.cudecoop.coop\/cudecoop\/wp-json\/wp\/v2\/posts\/3995","targetHints":{"allow":["GET"]}}],"collection":[{"href":"http:\/\/www.cudecoop.coop\/cudecoop\/wp-json\/wp\/v2\/posts"}],"about":[{"href":"http:\/\/www.cudecoop.coop\/cudecoop\/wp-json\/wp\/v2\/types\/post"}],"author":[{"embeddable":true,"href":"http:\/\/www.cudecoop.coop\/cudecoop\/wp-json\/wp\/v2\/users\/27"}],"replies":[{"embeddable":true,"href":"http:\/\/www.cudecoop.coop\/cudecoop\/wp-json\/wp\/v2\/comments?post=3995"}],"version-history":[{"count":3,"href":"http:\/\/www.cudecoop.coop\/cudecoop\/wp-json\/wp\/v2\/posts\/3995\/revisions"}],"predecessor-version":[{"id":4001,"href":"http:\/\/www.cudecoop.coop\/cudecoop\/wp-json\/wp\/v2\/posts\/3995\/revisions\/4001"}],"wp:featuredmedia":[{"embeddable":true,"href":"http:\/\/www.cudecoop.coop\/cudecoop\/wp-json\/wp\/v2\/media\/4000"}],"wp:attachment":[{"href":"http:\/\/www.cudecoop.coop\/cudecoop\/wp-json\/wp\/v2\/media?parent=3995"}],"wp:term":[{"taxonomy":"category","embeddable":true,"href":"http:\/\/www.cudecoop.coop\/cudecoop\/wp-json\/wp\/v2\/categories?post=3995"},{"taxonomy":"post_tag","embeddable":true,"href":"http:\/\/www.cudecoop.coop\/cudecoop\/wp-json\/wp\/v2\/tags?post=3995"}],"curies":[{"name":"wp","href":"https:\/\/api.w.org\/{rel}","templated":true}]}}