{"id":3978,"date":"2022-12-13T21:15:29","date_gmt":"2022-12-13T21:15:29","guid":{"rendered":"http:\/\/www.cudecoop.coop\/cudecoop\/?p=3978"},"modified":"2022-12-13T21:18:40","modified_gmt":"2022-12-13T21:18:40","slug":"actividades-25-de-noviembre-dia-internacional-para-la-eliminacion-de-la-violencia","status":"publish","type":"post","link":"http:\/\/www.cudecoop.coop\/cudecoop\/actividades-25-de-noviembre-dia-internacional-para-la-eliminacion-de-la-violencia\/","title":{"rendered":"Actividades 25 de noviembre &#8211; D\u00eda Internacional para la Eliminaci\u00f3n de la Violencia"},"content":{"rendered":"<p>El viernes 25 de noviembre tras una nueva conmemoraci\u00f3n del D\u00eda Internacional para la Eliminaci\u00f3n de la Violencia hacia las mujeres, levantamos nuestra voz y reafirmamos nuestro compromiso con la erradicaci\u00f3n de todas las formas de violencia hacia las mujeres.<\/p>\n<p>Seguimos d\u00eda a d\u00eda procurando construir organizaciones cooperativas libres de violencia, acoso y discriminaci\u00f3n, construyendo desde la diversidad de nuestro movimiento una sociedad m\u00e1s inclusiva e igualitaria.<br \/>\nCompartimos las diferentes acciones de las federaciones y cooperativas en todo el territorio nacional.<\/p>\n<p>El s\u00e1bado 26 de noviembre se realiz\u00f3 el Encuentro Regional de intercambio entre las comisiones de g\u00e9nero de las Mesas Intercooperativas en el marco de Tacuaremb\u00f3 Capital del Cooperativismo 2022.<br \/>\nCon la organizaci\u00f3n de las Comisiones de G\u00e9nero de Paysand\u00fa y Tacuaremb\u00f3, la actividad comenz\u00f3 con un taller de sensibilizaci\u00f3n sobre g\u00e9nero, continuando con un espacio donde se compartieron experiencias y aprendizajes del trabajo de las comisiones a lo largo de estos a\u00f1os. Participaron las comisiones de Paysand\u00fa, Tacuaremb\u00f3, Salto, Rio Negro, Soriano y Treinta y Tres.<\/p>\n<p>Click <a href=\"https:\/\/www.facebook.com\/media\/set\/?vanity=CUDECOOP&amp;set=a.527367586104481\">aqu\u00ed<\/a> para ver al \u00e1lbum de fotos.<\/p>\n","protected":false},"excerpt":{"rendered":"<p>El viernes 25 de noviembre tras una nueva conmemoraci\u00f3n del D\u00eda Internacional para la Eliminaci\u00f3n de la Violencia hacia las mujeres, levantamos nuestra voz y reafirmamos nuestro compromiso con la erradicaci\u00f3n de todas las formas de violencia hacia las mujeres. Seguimos d\u00eda a d\u00eda procurando construir organizaciones cooperativas libres de violencia, acoso y discriminaci\u00f3n, construyendo desde la diversidad de nuestro movimiento una sociedad m\u00e1s inclusiva e igualitaria.<br \/> Compartimos las diferentes acciones de las federaciones y cooperativas en todo el territorio nacional. El s\u00e1bado 26 de noviembre se realiz\u00f3 el Encuentro Regional de intercambio entre las comisiones de g\u00e9nero de [&#8230;]<\/p>\n","protected":false},"author":27,"featured_media":3991,"comment_status":"open","ping_status":"open","sticky":false,"template":"","format":"standard","meta":{"_acf_changed":false,"ngg_post_thumbnail":0,"footnotes":""},"categories":[7,6,1],"tags":[],"class_list":["post-3978","post","type-post","status-publish","format-standard","has-post-thumbnail","hentry","category-cooperativas","category-institucionales","category-noticias"],"acf":[],"_links":{"self":[{"href":"http:\/\/www.cudecoop.coop\/cudecoop\/wp-json\/wp\/v2\/posts\/3978","targetHints":{"allow":["GET"]}}],"collection":[{"href":"http:\/\/www.cudecoop.coop\/cudecoop\/wp-json\/wp\/v2\/posts"}],"about":[{"href":"http:\/\/www.cudecoop.coop\/cudecoop\/wp-json\/wp\/v2\/types\/post"}],"author":[{"embeddable":true,"href":"http:\/\/www.cudecoop.coop\/cudecoop\/wp-json\/wp\/v2\/users\/27"}],"replies":[{"embeddable":true,"href":"http:\/\/www.cudecoop.coop\/cudecoop\/wp-json\/wp\/v2\/comments?post=3978"}],"version-history":[{"count":3,"href":"http:\/\/www.cudecoop.coop\/cudecoop\/wp-json\/wp\/v2\/posts\/3978\/revisions"}],"predecessor-version":[{"id":3994,"href":"http:\/\/www.cudecoop.coop\/cudecoop\/wp-json\/wp\/v2\/posts\/3978\/revisions\/3994"}],"wp:featuredmedia":[{"embeddable":true,"href":"http:\/\/www.cudecoop.coop\/cudecoop\/wp-json\/wp\/v2\/media\/3991"}],"wp:attachment":[{"href":"http:\/\/www.cudecoop.coop\/cudecoop\/wp-json\/wp\/v2\/media?parent=3978"}],"wp:term":[{"taxonomy":"category","embeddable":true,"href":"http:\/\/www.cudecoop.coop\/cudecoop\/wp-json\/wp\/v2\/categories?post=3978"},{"taxonomy":"post_tag","embeddable":true,"href":"http:\/\/www.cudecoop.coop\/cudecoop\/wp-json\/wp\/v2\/tags?post=3978"}],"curies":[{"name":"wp","href":"https:\/\/api.w.org\/{rel}","templated":true}]}}