{"id":3969,"date":"2022-11-30T00:50:21","date_gmt":"2022-11-30T00:50:21","guid":{"rendered":"http:\/\/www.cudecoop.coop\/cudecoop\/?p=3969"},"modified":"2022-12-01T13:54:21","modified_gmt":"2022-12-01T13:54:21","slug":"inauguracion-mesa-intercooperativa-de-colonia","status":"publish","type":"post","link":"http:\/\/www.cudecoop.coop\/cudecoop\/inauguracion-mesa-intercooperativa-de-colonia\/","title":{"rendered":"Inauguraci\u00f3n Mesa Intercooperativa de Colonia"},"content":{"rendered":"<p>Qued\u00f3 oficialmente inaugurada la mesa intercooperativa de Colonia.<\/p>\n<p>En la inauguraci\u00f3n, la mesa de bienvenida estuvo a cargo de Walter Godoy del Departamento de MYPIMES de la Intendencia de Colonia, Mart\u00edn Fern\u00e1ndez presidente de Inacoop, y Alicia Maneiro presidenta de Cudecoop.<\/p>\n<p>Particip\u00f3 tambi\u00e9n parte del equipo del Ejecutivo de CUDECOOP: Juan Carlos Canessa (Secretario), Marisol Fuentes (Vicepresidenta 1ra) y \u00c1ngeles Dati (Vicepresidenta 2da) para intercambiar con las distintas cooperativas presentes.<\/p>\n<p>Estuvieron presentes cooperativas locales para presentarse, entre ellas: Cintepa, El Puente, Rizoma, Coopman, Pa&#8217;delante e ITAC, todas ya vienen trabajando activamente en la Mesa.<\/p>\n<p>En el discurso de apertura, Alicia Maneiro destac\u00f3 &#8220;es importante que nos recordemos que en un pa\u00eds de tres millones y medio de habitantes m\u00e1s de un mill\u00f3n de compatriotas de alguna manera est\u00e1n vinculados al movimiento cooperativo. El trabajo territorial es fundamental porque nadie mejor que los protagonistas que est\u00e1n en el territorio pueden analizar y decir qu\u00e9 necesitan o por d\u00f3nde quieren ir.&nbsp;Para eso es necesaria la participaci\u00f3n de las cooperativas en el territorio en el trabajo que llevamos adelante en un programa de Desarrollo Territorial. Hoy estamos sumando una Mesa en un Departamento que tiene mucho para dar y ha aportado mucho al movimiento en todas las modalidades cooperativas.&#8221;<\/p>\n<p>Mart\u00edn Fern\u00e1ndez record\u00f3 que &#8220;elegimos Colonia para que fuera la sede de la Reuni\u00f3n Especializada de Cooperativas del Mercosur y tuvimos representantes de Argentina y Brasil. Aprovechamos la posibilidad del lanzamiento para hacerlo coincidir con la reuni\u00f3n y creemos que ser\u00e1 la primera de muchas visitar al Departamento&#8221;. Y se\u00f1al\u00f3 el compromiso que asumir\u00e1n de llevar al Parlamento la propuesta de que Colonia sea Capital Nacional del cooperativismo 2024.<\/p>\n<p>Walter Godoy desde la Intendencia departamental resumi\u00f3 que &#8220;el cooperativismo llevado adelante con responsabilidad es un muy buen camino. A veces se interpreta que desde el gobierno departamental no estamos cerca de los cooperativistas pero desde ya les digo que no es as\u00ed, desde la Intendencia dejamos el juego abierto para poder hacer cosas en conjunto&#8221;. Y se mostr\u00f3 receptivo para el trabajo que la novel mesa departamental se proponga realizar.<\/p>\n<p>Haciendo click <a href=\"https:\/\/www.youtube.com\/watch?v=UpvqGC6n7WI&amp;ab_channel=CUDECOOPConfederaci%C3%B3nUruguayadeEntidadesCooperativas\">aqu\u00ed<\/a> podr\u00e1s ver el registro de la transmisi\u00f3n del lanzamiento en vivo.<\/p>\n<p>Continuando la visita al Departamento, en el marco de la Reuni\u00f3n Especializada de Cooperativas del Mercosur (RECM) y el lanzamiento de la mesa intercooperativa de Colonia, en la ma\u00f1ana del mi\u00e9rcoles 30 de noviembre una delegaci\u00f3n de Cudecoop, Inacoop y de la RECM visitaron CINTEPA y COLAVECO, cooperativas emblema de Colonia.<\/p>\n<p>Cintepa es cooperativa de ahorro y cr\u00e9dito y Colaveco cooperativa agraria, ambas se destacan por su compromiso con la comunidad y desarrollo social en los sectores en los que se desenvuelven, comprometidas con diversas acciones de intercooperaci\u00f3n.<\/p>\n","protected":false},"excerpt":{"rendered":"<p>Qued\u00f3 oficialmente inaugurada la mesa intercooperativa de Colonia. En la inauguraci\u00f3n, la mesa de bienvenida estuvo a cargo de Walter Godoy del Departamento de MYPIMES de la Intendencia de Colonia, Mart\u00edn Fern\u00e1ndez presidente de Inacoop, y Alicia Maneiro presidenta de Cudecoop. Particip\u00f3 tambi\u00e9n parte del equipo del Ejecutivo de CUDECOOP: Juan Carlos Canessa (Secretario), Marisol Fuentes (Vicepresidenta 1ra) y \u00c1ngeles Dati (Vicepresidenta 2da) para intercambiar con las distintas cooperativas presentes. Estuvieron presentes cooperativas locales para presentarse, entre ellas: Cintepa, El Puente, Rizoma, Coopman, Pa&#8217;delante e ITAC, todas ya vienen trabajando activamente en la Mesa. En el discurso de apertura, Alicia [&#8230;]<\/p>\n","protected":false},"author":27,"featured_media":3970,"comment_status":"open","ping_status":"open","sticky":false,"template":"","format":"standard","meta":{"_acf_changed":false,"ngg_post_thumbnail":0,"footnotes":""},"categories":[7,6,1],"tags":[],"class_list":["post-3969","post","type-post","status-publish","format-standard","has-post-thumbnail","hentry","category-cooperativas","category-institucionales","category-noticias"],"acf":[],"_links":{"self":[{"href":"http:\/\/www.cudecoop.coop\/cudecoop\/wp-json\/wp\/v2\/posts\/3969","targetHints":{"allow":["GET"]}}],"collection":[{"href":"http:\/\/www.cudecoop.coop\/cudecoop\/wp-json\/wp\/v2\/posts"}],"about":[{"href":"http:\/\/www.cudecoop.coop\/cudecoop\/wp-json\/wp\/v2\/types\/post"}],"author":[{"embeddable":true,"href":"http:\/\/www.cudecoop.coop\/cudecoop\/wp-json\/wp\/v2\/users\/27"}],"replies":[{"embeddable":true,"href":"http:\/\/www.cudecoop.coop\/cudecoop\/wp-json\/wp\/v2\/comments?post=3969"}],"version-history":[{"count":5,"href":"http:\/\/www.cudecoop.coop\/cudecoop\/wp-json\/wp\/v2\/posts\/3969\/revisions"}],"predecessor-version":[{"id":3976,"href":"http:\/\/www.cudecoop.coop\/cudecoop\/wp-json\/wp\/v2\/posts\/3969\/revisions\/3976"}],"wp:featuredmedia":[{"embeddable":true,"href":"http:\/\/www.cudecoop.coop\/cudecoop\/wp-json\/wp\/v2\/media\/3970"}],"wp:attachment":[{"href":"http:\/\/www.cudecoop.coop\/cudecoop\/wp-json\/wp\/v2\/media?parent=3969"}],"wp:term":[{"taxonomy":"category","embeddable":true,"href":"http:\/\/www.cudecoop.coop\/cudecoop\/wp-json\/wp\/v2\/categories?post=3969"},{"taxonomy":"post_tag","embeddable":true,"href":"http:\/\/www.cudecoop.coop\/cudecoop\/wp-json\/wp\/v2\/tags?post=3969"}],"curies":[{"name":"wp","href":"https:\/\/api.w.org\/{rel}","templated":true}]}}