{"id":3966,"date":"2022-11-24T16:36:31","date_gmt":"2022-11-24T16:36:31","guid":{"rendered":"http:\/\/www.cudecoop.coop\/cudecoop\/?p=3966"},"modified":"2022-11-24T16:36:31","modified_gmt":"2022-11-24T16:36:31","slug":"comunicado-comision-de-genero-de-la-confederacion-uruguaya-de-entidades-cooperativas-2","status":"publish","type":"post","link":"http:\/\/www.cudecoop.coop\/cudecoop\/comunicado-comision-de-genero-de-la-confederacion-uruguaya-de-entidades-cooperativas-2\/","title":{"rendered":"Comunicado &#8211; Comisi\u00f3n de G\u00e9nero de la Confederaci\u00f3n Uruguaya de Entidades Cooperativas"},"content":{"rendered":"<p>Tras una nueva conmemoraci\u00f3n del D\u00eda Internacional para la Eliminaci\u00f3n de la Violencia hacia las mujeres, levantamos nuestra voz y reafirmamos nuestro compromiso con la erradicaci\u00f3n de todas las formas de violencia hacia las mujeres. Seguimos en lucha d\u00eda a d\u00eda para construir organizaciones cooperativas libres de violencia, acoso y discriminaci\u00f3n, con la convicci\u00f3n que desde nuestro esfuerzo construimos otro mundo posible.<\/p>\n<p>Nos adherimos a lo expresado por ONU Mujeres en cuanta a que la violencia contra mujeres y ni\u00f1as es una de las violaciones de los derechos humanos m\u00e1s extendidas, persistentes y devastadoras del mundo actual sobre las que apenas se informa debido a la impunidad de la cual disfrutan los perpetradores, y el silencio, la estigmatizaci\u00f3n y la verg\u00fcenza que sufren las v\u00edctimas.<\/p>\n<p>En forma general, la violencia se manifiesta de forma f\u00edsica, sexual y psicol\u00f3gica e incluye:<\/p>\n<ul>\n<li>violencia por un compa\u00f1ero sentimental (violencia f\u00edsica, maltrato psicol\u00f3gico, violaci\u00f3n conyugal, femicidio);<\/li>\n<li>violencia sexual y acoso (violaci\u00f3n, actos sexuales forzados, insinuaciones sexuales no deseadas, abuso sexual infantil, matrimonio forzado, acecho, acoso callejero, acoso cibern\u00e9tico);<\/li>\n<li>trata de seres humanos (esclavitud, explotaci\u00f3n sexual);<\/li>\n<li>mutilaci\u00f3n genital, y<\/li>\n<li>matrimonio infantil.<\/li>\n<\/ul>\n<p>La Declaraci\u00f3n sobre la eliminaci\u00f3n de la violencia contra la mujer emitida por la Asamblea General de la ONU en 1993, define la violencia contra la mujer como \u201ctodo acto de violencia que tenga o pueda tener como resultado un da\u00f1o o sufrimiento f\u00edsico, sexual o sicol\u00f3gico para la mujer, as\u00ed como las amenazas de tales actos, la coacci\u00f3n o la privaci\u00f3n arbitraria de la libertad, tanto si se producen en la vida p\u00fablica como en la vida privada.\u201d<\/p>\n<p><strong>\u00a1\u00daNETE! Activismo para poner fin a la violencia contra las mujeres y las ni\u00f1as<\/strong><strong>.<\/strong><\/p>\n<p>Otro futuro sin violencia contra la mujer es posible con educaci\u00f3n, servicios esenciales en los sectores policial, judicial, sanitario y social y financiaci\u00f3n suficiente para hacer cumplir los derechos de la mujer.<\/p>\n<p>&nbsp;<\/p>\n<p>El movimiento cooperativo no es ajeno a esta problem\u00e1tica y asumimos su relevancia y nos comprometemos con su erradicaci\u00f3n; as\u00ed tambi\u00e9n, exigimos a la sociedad toda y a las instituciones que nos acompa\u00f1en. Sabemos que se requieren m\u00e1s herramientas para acompa\u00f1ar las denuncias e intervenciones, para continuar sensibilizando y formando a todas las personas en torno a las tem\u00e1ticas de g\u00e9nero y la erradicaci\u00f3n de la violencia, que necesitamos amplificar nuestras voces y profundizar nuestras acciones; para ello, requerimos m\u00e1s recursos, m\u00e1s compromiso de toda la sociedad, mayor cumplimiento a la normativa vigente.<\/p>\n<p>&nbsp;<\/p>\n<p>Seguiremos caminando en la visibilizar\u00edan y acci\u00f3n en cada espacio, acerc\u00e1ndonos a cada compa\u00f1era, reforzando cada compromiso asumido y construyendo desde la diversidad de nuestro movimiento una sociedad m\u00e1s inclusiva e igualitaria. Pues, como hemos aprendido, para la construcci\u00f3n de una sociedad y una realidad m\u00e1s cooperativa, es imprescindible que m\u00e1s mujeres seamos protagonistas.<\/p>\n<p>&nbsp;<\/p>\n<p>En torno a esta fecha el movimiento cooperativo realizar\u00e1 estas actividades en todo el pa\u00eds:<\/p>\n<p>CUDECOOP:<\/p>\n<p>&#8211;&nbsp;&nbsp;&nbsp;&nbsp;&nbsp;&nbsp;&nbsp;&nbsp;&nbsp;&nbsp;&nbsp;&nbsp;&nbsp; Difusi\u00f3n de este comunicado en los medios de difusi\u00f3n de la Confederaci\u00f3n y sus socias<\/p>\n<p>&#8211;&nbsp;&nbsp;&nbsp;&nbsp;&nbsp;&nbsp;&nbsp;&nbsp;&nbsp;&nbsp;&nbsp;&nbsp;&nbsp; Difundir las actividades de todas sus instituciones socias<\/p>\n<p>&#8211;&nbsp;&nbsp;&nbsp;&nbsp;&nbsp;&nbsp;&nbsp;&nbsp;&nbsp;&nbsp;&nbsp;&nbsp;&nbsp; 26\/11- Taller de intercambio entre las Comisiones de G\u00e9nero de las Mesas Intercooperativas departamentales, en Tacuaremb\u00f3<\/p>\n<p>&nbsp;<\/p>\n<p>FCPU:<\/p>\n<ul>\n<li>25\/11 \u2013 17 hs Concentraci\u00f3n en la sede de la Federaci\u00f3n, con carteles y vestimenta<\/li>\n<li>Participaci\u00f3n en la marcha en Montevideo<\/li>\n<li>Comunicado difundido en la web y redes sociales<\/li>\n<li>Difusi\u00f3n de videos sobre violencia cada d\u00eda durante la semana del 25N<\/li>\n<\/ul>\n<p>FUCC:<\/p>\n<ul>\n<li>Comunicado difundido en la web y redes sociales. Tambi\u00e9n en sus cooperativas socias<\/li>\n<li>Participaci\u00f3n en la Marcha<\/li>\n<\/ul>\n<p>FECOVI:<\/p>\n<ul>\n<li>Pancarta en la sede<\/li>\n<li>Comunicado difundido en la web y redes sociales<\/li>\n<li>Plenario de cooperativas para conversar sobre la violencia<\/li>\n<\/ul>\n<p>CONFIAR Y FECOAC<\/p>\n<ul>\n<li>Cooperativa Artigas: afiches colocados en la sede y en las agencias y redes. Intervenci\u00f3n urbana, en 18 de Julio y Minas, con pasacalle m\u00f3vil<\/li>\n<li>Taller de Sensibilizaci\u00f3n de G\u00e9nero para las cooperativas asociadas<\/li>\n<\/ul>\n<p>FUCVAM<\/p>\n<ul>\n<li>Plenario de mujeres cooperativistas<\/li>\n<li>Conversatorio: \u201cHabitar el pensamiento\u201d<\/li>\n<\/ul>\n<p>&nbsp;<\/p>\n<p>Y en las Mesas Intercooperativas Departamentales:<\/p>\n<p>TACUAREMB\u00d3<\/p>\n<ul>\n<li>Articulaci\u00f3n de la Comisi\u00f3n de G\u00e9nero de la Mesa Intercooperativa con otras organizaciones locales para el 25N.<\/li>\n<li>Participaci\u00f3n en la marcha<\/li>\n<li>Las cooperativas tendr\u00e1n su amanecer lila, colocando carteles, balconeras, globos o cintas en alusi\u00f3n a la fecha.&nbsp;<\/li>\n<li>Presencia en la prensa local<\/li>\n<li>26\/11- Taller de intercambio entre las Comisiones de G\u00e9nero de las Mesas Intercooperativas departamentales<\/li>\n<\/ul>\n<p>CERRO LARGO<\/p>\n<ul>\n<li>Participaci\u00f3n en la marcha en Melo<\/li>\n<li>Entrevistas en medio de prensa locales, as\u00ed como en la radio cooperativa local<\/li>\n<li>Participaci\u00f3n en el taller de intercambio de las Mesas en Tacuaremb\u00f3<\/li>\n<\/ul>\n<p>PAYSANDU<\/p>\n<ul>\n<li>Participaci\u00f3n de las cooperativas en la marcha departamental<\/li>\n<li>Participaci\u00f3n en el taller de intercambio de las Mesas en Tacuaremb\u00f3<\/li>\n<\/ul>\n<p>SALTO<\/p>\n<ul>\n<li>Participaci\u00f3n de la Mesa Intercooperativa de Salto en la marcha del departamento<\/li>\n<li>Participaci\u00f3n en la actividad de Fucvam<\/li>\n<li>Intervenci\u00f3n en la v\u00eda p\u00fablica entregando frases.<\/li>\n<li>Participaci\u00f3n en el taller de intercambio de las Mesas en Tacuaremb\u00f3<\/li>\n<\/ul>\n<p>TREINTA Y TRES<\/p>\n<ul>\n<li>Adhesi\u00f3n a la marcha del departamento y participaci\u00f3n en la misma<\/li>\n<li>Participaci\u00f3n en el taller de intercambio de las Mesas en Tacuaremb\u00f3<\/li>\n<\/ul>\n<p>FLORIDA<\/p>\n<ul>\n<li>Difusi\u00f3n de los comunicados institucionales<\/li>\n<li>Difusi\u00f3n de los videos de FCPU sobre violencia entre las cooperativas del departamento<\/li>\n<\/ul>\n<p>SORIANO<\/p>\n<ul>\n<li>Participaci\u00f3n de las cooperativistas en la marcha en cada ciudad del departamento<\/li>\n<li>Campa\u00f1a de difusi\u00f3n para redes con frases sobre las microviolencias hacia las mujeres cooperativistas, ej &#8220;siempre secretaria nunca presidenta&#8221;<\/li>\n<\/ul>\n<p>CANELONES<\/p>\n<ul>\n<li>Participaci\u00f3n de las cooperativistas en la marcha<\/li>\n<li>Difusi\u00f3n de los comunicados recibidos entre las cooperativas del departamento<\/li>\n<\/ul>\n<p>MALDONADO<\/p>\n<ul>\n<li>Participaci\u00f3n de las cooperativistas en la marcha<\/li>\n<li>Difusi\u00f3n de los comunicados recibidos entre las cooperativas del departamento<\/li>\n<\/ul>\n<p>RIO NEGRO<\/p>\n<ul>\n<li>Participaci\u00f3n de las cooperativistas en la marcha<\/li>\n<li>Difusi\u00f3n de los comunicados recibidos entre las cooperativas del departamento<\/li>\n<li>Participaci\u00f3n en el taller de intercambio de las Mesas en Tacuaremb\u00f3<\/li>\n<\/ul>\n","protected":false},"excerpt":{"rendered":"<p>Tras una nueva conmemoraci\u00f3n del D\u00eda Internacional para la Eliminaci\u00f3n de la Violencia hacia las mujeres, levantamos nuestra voz y reafirmamos nuestro compromiso con la erradicaci\u00f3n de todas las formas de violencia hacia las mujeres. Seguimos en lucha d\u00eda a d\u00eda para construir organizaciones cooperativas libres de violencia, acoso y discriminaci\u00f3n, con la convicci\u00f3n que desde nuestro esfuerzo construimos otro mundo posible. Nos adherimos a lo expresado por ONU Mujeres en cuanta a que la violencia contra mujeres y ni\u00f1as es una de las violaciones de los derechos humanos m\u00e1s extendidas, persistentes y devastadoras del mundo actual sobre las que [&#8230;]<\/p>\n","protected":false},"author":27,"featured_media":3967,"comment_status":"open","ping_status":"open","sticky":false,"template":"","format":"standard","meta":{"_acf_changed":false,"ngg_post_thumbnail":0,"footnotes":""},"categories":[7,6,1],"tags":[],"class_list":["post-3966","post","type-post","status-publish","format-standard","has-post-thumbnail","hentry","category-cooperativas","category-institucionales","category-noticias"],"acf":[],"_links":{"self":[{"href":"http:\/\/www.cudecoop.coop\/cudecoop\/wp-json\/wp\/v2\/posts\/3966","targetHints":{"allow":["GET"]}}],"collection":[{"href":"http:\/\/www.cudecoop.coop\/cudecoop\/wp-json\/wp\/v2\/posts"}],"about":[{"href":"http:\/\/www.cudecoop.coop\/cudecoop\/wp-json\/wp\/v2\/types\/post"}],"author":[{"embeddable":true,"href":"http:\/\/www.cudecoop.coop\/cudecoop\/wp-json\/wp\/v2\/users\/27"}],"replies":[{"embeddable":true,"href":"http:\/\/www.cudecoop.coop\/cudecoop\/wp-json\/wp\/v2\/comments?post=3966"}],"version-history":[{"count":1,"href":"http:\/\/www.cudecoop.coop\/cudecoop\/wp-json\/wp\/v2\/posts\/3966\/revisions"}],"predecessor-version":[{"id":3968,"href":"http:\/\/www.cudecoop.coop\/cudecoop\/wp-json\/wp\/v2\/posts\/3966\/revisions\/3968"}],"wp:featuredmedia":[{"embeddable":true,"href":"http:\/\/www.cudecoop.coop\/cudecoop\/wp-json\/wp\/v2\/media\/3967"}],"wp:attachment":[{"href":"http:\/\/www.cudecoop.coop\/cudecoop\/wp-json\/wp\/v2\/media?parent=3966"}],"wp:term":[{"taxonomy":"category","embeddable":true,"href":"http:\/\/www.cudecoop.coop\/cudecoop\/wp-json\/wp\/v2\/categories?post=3966"},{"taxonomy":"post_tag","embeddable":true,"href":"http:\/\/www.cudecoop.coop\/cudecoop\/wp-json\/wp\/v2\/tags?post=3966"}],"curies":[{"name":"wp","href":"https:\/\/api.w.org\/{rel}","templated":true}]}}