{"id":3963,"date":"2022-11-16T14:46:08","date_gmt":"2022-11-16T14:46:08","guid":{"rendered":"http:\/\/www.cudecoop.coop\/cudecoop\/?p=3963"},"modified":"2022-11-16T14:46:08","modified_gmt":"2022-11-16T14:46:08","slug":"nuevas-autoridades-en-cudecoop-2","status":"publish","type":"post","link":"http:\/\/www.cudecoop.coop\/cudecoop\/nuevas-autoridades-en-cudecoop-2\/","title":{"rendered":"Nuevas autoridades en CUDECOOP"},"content":{"rendered":"<p>El martes 15 de noviembre se celebr\u00f3 la Asamblea General Ordinaria de CUDECOOP, en la cual se eligieron a las nuevas autoridades por el per\u00edodo noviembre 2022 &#8211; noviembre 2024.&nbsp;<\/p>\n<p>Compartimos la integraci\u00f3n del Comit\u00e9 Ejecutivo:&nbsp;&nbsp;<\/p>\n<p>Presidenta Alicia Maneiro (FUCVAM)&nbsp;<\/p>\n<p>Secretario Juan Carlos Canessa (CAF)<\/p>\n<p>Vicepresidenta 1ra Marisol Fuentes (FCPU)<\/p>\n<p>Vicepresidenta 2da \u00c1ngeles Dati (FUCC)<\/p>\n<p>Tesorero Fredy Rondan (CONFIAR)<\/p>\n<p>&nbsp;<\/p>\n<p>Integraci\u00f3n del Consejo Directivo:<\/p>\n<p>CAF &#8211; Juan Carlos Canessa \/ Richard Long<br \/>\nCCU &#8211; Ismael Castellanos \/ Leonardo Perez<br \/>\nCNFR &#8211; Francisco Molinari\/ Fernando L\u00f3pez<br \/>\nCOFAC &#8211; Mario Erramuspe \/ Pedro Susenna<br \/>\nCONFIAR &#8211; Fredy Rond\u00e1n\/ Gustavo Cardozo<br \/>\nACAC &#8211; Alejandro Castiglia \/ Enrique Ibarra<br \/>\nFCPU &#8211; Marisol Fuentes\/Enrique Romero<br \/>\nFECOAC &#8211; Carlos D\u00edaz\/Jorge Paredes<br \/>\nFECOVI &#8211; Hugo Monta\u00f1o\/ Mariana Galv\u00e1n<br \/>\nFUCAC\/VERDE &#8211; Diego D\u00edaz\/C\u00e9sar Bon\u00e9<br \/>\nFUCC &#8211; Mar\u00eda de los \u00c1ngeles Dati \/ Sergio Diz<br \/>\nFUCVAM &#8211; Alicia Maneiro \/ Sandra Bargas<br \/>\nSURCO &#8211; Walter Ocampos\/ Dany Moreira<br \/>\nFUCEREP &#8211; Walter Suarez \/ Mariana Falco<br \/>\nCUCACC &#8211; Jos\u00e9 Clavell \/ Ana Laura Cardozo<br \/>\nCORI &#8211; A designar<\/p>\n<p>&nbsp;<\/p>\n","protected":false},"excerpt":{"rendered":"<p>El martes 15 de noviembre se celebr\u00f3 la Asamblea General Ordinaria de CUDECOOP, en la cual se eligieron a las nuevas autoridades por el per\u00edodo noviembre 2022 &#8211; noviembre 2024.&nbsp; Compartimos la integraci\u00f3n del Comit\u00e9 Ejecutivo:&nbsp;&nbsp; Presidenta Alicia Maneiro (FUCVAM)&nbsp; Secretario Juan Carlos Canessa (CAF) Vicepresidenta 1ra Marisol Fuentes (FCPU) Vicepresidenta 2da \u00c1ngeles Dati (FUCC) Tesorero Fredy Rondan (CONFIAR) &nbsp; Integraci\u00f3n del Consejo Directivo: CAF &#8211; Juan Carlos Canessa \/ Richard Long<br \/> CCU &#8211; Ismael Castellanos \/ Leonardo Perez<br \/> CNFR &#8211; Francisco Molinari\/ Fernando L\u00f3pez<br \/> COFAC &#8211; Mario Erramuspe \/ Pedro Susenna<br \/> CONFIAR &#8211; Fredy Rond\u00e1n\/ [&#8230;]<\/p>\n","protected":false},"author":27,"featured_media":3964,"comment_status":"open","ping_status":"open","sticky":false,"template":"","format":"standard","meta":{"_acf_changed":false,"ngg_post_thumbnail":0,"footnotes":""},"categories":[7,6,1],"tags":[],"class_list":["post-3963","post","type-post","status-publish","format-standard","has-post-thumbnail","hentry","category-cooperativas","category-institucionales","category-noticias"],"acf":[],"_links":{"self":[{"href":"http:\/\/www.cudecoop.coop\/cudecoop\/wp-json\/wp\/v2\/posts\/3963","targetHints":{"allow":["GET"]}}],"collection":[{"href":"http:\/\/www.cudecoop.coop\/cudecoop\/wp-json\/wp\/v2\/posts"}],"about":[{"href":"http:\/\/www.cudecoop.coop\/cudecoop\/wp-json\/wp\/v2\/types\/post"}],"author":[{"embeddable":true,"href":"http:\/\/www.cudecoop.coop\/cudecoop\/wp-json\/wp\/v2\/users\/27"}],"replies":[{"embeddable":true,"href":"http:\/\/www.cudecoop.coop\/cudecoop\/wp-json\/wp\/v2\/comments?post=3963"}],"version-history":[{"count":1,"href":"http:\/\/www.cudecoop.coop\/cudecoop\/wp-json\/wp\/v2\/posts\/3963\/revisions"}],"predecessor-version":[{"id":3965,"href":"http:\/\/www.cudecoop.coop\/cudecoop\/wp-json\/wp\/v2\/posts\/3963\/revisions\/3965"}],"wp:featuredmedia":[{"embeddable":true,"href":"http:\/\/www.cudecoop.coop\/cudecoop\/wp-json\/wp\/v2\/media\/3964"}],"wp:attachment":[{"href":"http:\/\/www.cudecoop.coop\/cudecoop\/wp-json\/wp\/v2\/media?parent=3963"}],"wp:term":[{"taxonomy":"category","embeddable":true,"href":"http:\/\/www.cudecoop.coop\/cudecoop\/wp-json\/wp\/v2\/categories?post=3963"},{"taxonomy":"post_tag","embeddable":true,"href":"http:\/\/www.cudecoop.coop\/cudecoop\/wp-json\/wp\/v2\/tags?post=3963"}],"curies":[{"name":"wp","href":"https:\/\/api.w.org\/{rel}","templated":true}]}}