{"id":3955,"date":"2022-11-01T12:54:23","date_gmt":"2022-11-01T12:54:23","guid":{"rendered":"http:\/\/www.cudecoop.coop\/cudecoop\/?p=3955"},"modified":"2022-11-01T12:54:23","modified_gmt":"2022-11-01T12:54:23","slug":"uruguay-presente-en-la-vi-cumbre-cooperativa-de-las-americas","status":"publish","type":"post","link":"http:\/\/www.cudecoop.coop\/cudecoop\/uruguay-presente-en-la-vi-cumbre-cooperativa-de-las-americas\/","title":{"rendered":"Uruguay presente en la VI Cumbre Cooperativa de las Am\u00e9ricas"},"content":{"rendered":"<p>M\u00e1s de 60 cooperativistas de Uruguay se hicieron presentes en la VI Cumbre Cooperativa de las Am\u00e9ricas.&nbsp;<\/p>\n<p>Con representaci\u00f3n de todas las clases cooperativas, Uruguay se hizo presente en el mayor evento del cooperativismo continental, que cuatrienalmente organiza Cooperativas de las Am\u00e9ricas.&nbsp;<\/p>\n<p>Repasamos a continuaci\u00f3n cu\u00e1les fueron los hitos dentro del mismo.<\/p>\n<p><strong>Graciela Fern\u00e1ndez re electa Presidenta de Cooperativas de las Am\u00e9ricas<\/strong><\/p>\n<p>En el marco de la Asamblea regional de Cooperativas de las Am\u00e9ricas, nuestra compa\u00f1era Graciela Fern\u00e1ndez, fue elegida nuevamente como Presidenta de dicha organizaci\u00f3n, comprometi\u00e9ndose as\u00ed por cuatro a\u00f1os m\u00e1s para liderar la actividad del cooperativismo americano.<\/p>\n<p>El nuevo Consejo directivo de Cooperativas de las Am\u00e9ricas, eligi\u00f3 a las nuevas autoridades del Comit\u00e9 Ejecutivo, quedando conformado de la siguiente manera:&nbsp;<\/p>\n<p><span class=\"css-901oao css-16my406 r-poiln3 r-bcqeeo r-qvutc0\">Graciela Fern\u00e1ndez (Uy), Presidenta.&nbsp;<\/span><span class=\"css-901oao css-16my406 r-poiln3 r-bcqeeo r-qvutc0\">Jos\u00e9 \u00c1lves (Br), 1er vicepresidente.<\/span><span class=\"css-901oao css-16my406 r-poiln3 r-bcqeeo r-qvutc0\">&nbsp;Carla Decker (EEUU), 2da Vicepresidenta.&nbsp;<\/span><span class=\"css-901oao css-16my406 r-poiln3 r-bcqeeo r-qvutc0\">&nbsp;Ricardo Lopez (Ar), Secretario. <\/span><span class=\"css-901oao css-16my406 r-poiln3 r-bcqeeo r-qvutc0\">&nbsp;Fernando Faith (C. Rica), Vocal. Miguel Castedo<\/span><span class=\"css-901oao css-16my406 r-poiln3 r-bcqeeo r-qvutc0\">&nbsp;(Bol), Vocal. <\/span><span class=\"css-901oao css-16my406 r-poiln3 r-bcqeeo r-qvutc0\">&nbsp;Carlos Acero (Col), Vocal.<\/span><\/p>\n<p><strong>Nuevas autoridades cooperativas en las distintas redes y comit\u00e9s<\/strong><\/p>\n<p>Compa\u00f1eras y compa\u00f1eros fueron elegidos para distintos cargos de representaci\u00f3n en las distintas redes y comites:<\/p>\n<p>Alicia Maneiro, Presidenta de la Red de viviendas de Am\u00e9rica<\/p>\n<p>Marisol Fuentes, Secretaria en CICOPA AM\u00c9RICAS<\/p>\n<p>&nbsp;Pablo Perdomo, representante en Redacoop<\/p>\n<p>Ad\u00e1n Mart\u00ednez, Vocal en COFIA<\/p>\n<p>\u00c1ngeles Dati, Vocal en CREG<\/p>\n<p>En breve compartiremos las conclusiones que se generaron como resultado de la VI Cumbre, as\u00ed como algunas novedades de los Comit\u00e9s y Redes sectoriales y tem\u00e1ticos.<\/p>\n<div>\n<div class=\"adm\">\n<div id=\"q_49\" class=\"ajR h4\">&nbsp;<\/div>\n<\/div>\n<\/div>\n","protected":false},"excerpt":{"rendered":"<p>M\u00e1s de 60 cooperativistas de Uruguay se hicieron presentes en la VI Cumbre Cooperativa de las Am\u00e9ricas.&nbsp; Con representaci\u00f3n de todas las clases cooperativas, Uruguay se hizo presente en el mayor evento del cooperativismo continental, que cuatrienalmente organiza Cooperativas de las Am\u00e9ricas.&nbsp; Repasamos a continuaci\u00f3n cu\u00e1les fueron los hitos dentro del mismo. Graciela Fern\u00e1ndez re electa Presidenta de Cooperativas de las Am\u00e9ricas En el marco de la Asamblea regional de Cooperativas de las Am\u00e9ricas, nuestra compa\u00f1era Graciela Fern\u00e1ndez, fue elegida nuevamente como Presidenta de dicha organizaci\u00f3n, comprometi\u00e9ndose as\u00ed por cuatro a\u00f1os m\u00e1s para liderar la actividad del cooperativismo americano. El [&#8230;]<\/p>\n","protected":false},"author":27,"featured_media":3957,"comment_status":"open","ping_status":"open","sticky":false,"template":"","format":"standard","meta":{"_acf_changed":false,"ngg_post_thumbnail":0,"footnotes":""},"categories":[7,6,1],"tags":[],"class_list":["post-3955","post","type-post","status-publish","format-standard","has-post-thumbnail","hentry","category-cooperativas","category-institucionales","category-noticias"],"acf":[],"_links":{"self":[{"href":"http:\/\/www.cudecoop.coop\/cudecoop\/wp-json\/wp\/v2\/posts\/3955","targetHints":{"allow":["GET"]}}],"collection":[{"href":"http:\/\/www.cudecoop.coop\/cudecoop\/wp-json\/wp\/v2\/posts"}],"about":[{"href":"http:\/\/www.cudecoop.coop\/cudecoop\/wp-json\/wp\/v2\/types\/post"}],"author":[{"embeddable":true,"href":"http:\/\/www.cudecoop.coop\/cudecoop\/wp-json\/wp\/v2\/users\/27"}],"replies":[{"embeddable":true,"href":"http:\/\/www.cudecoop.coop\/cudecoop\/wp-json\/wp\/v2\/comments?post=3955"}],"version-history":[{"count":2,"href":"http:\/\/www.cudecoop.coop\/cudecoop\/wp-json\/wp\/v2\/posts\/3955\/revisions"}],"predecessor-version":[{"id":3958,"href":"http:\/\/www.cudecoop.coop\/cudecoop\/wp-json\/wp\/v2\/posts\/3955\/revisions\/3958"}],"wp:featuredmedia":[{"embeddable":true,"href":"http:\/\/www.cudecoop.coop\/cudecoop\/wp-json\/wp\/v2\/media\/3957"}],"wp:attachment":[{"href":"http:\/\/www.cudecoop.coop\/cudecoop\/wp-json\/wp\/v2\/media?parent=3955"}],"wp:term":[{"taxonomy":"category","embeddable":true,"href":"http:\/\/www.cudecoop.coop\/cudecoop\/wp-json\/wp\/v2\/categories?post=3955"},{"taxonomy":"post_tag","embeddable":true,"href":"http:\/\/www.cudecoop.coop\/cudecoop\/wp-json\/wp\/v2\/tags?post=3955"}],"curies":[{"name":"wp","href":"https:\/\/api.w.org\/{rel}","templated":true}]}}