{"id":3952,"date":"2022-10-25T16:23:16","date_gmt":"2022-10-25T16:23:16","guid":{"rendered":"http:\/\/www.cudecoop.coop\/cudecoop\/?p=3952"},"modified":"2022-10-25T16:23:16","modified_gmt":"2022-10-25T16:23:16","slug":"llamado-asamblea-general-ordinaria-2022-2","status":"publish","type":"post","link":"http:\/\/www.cudecoop.coop\/cudecoop\/llamado-asamblea-general-ordinaria-2022-2\/","title":{"rendered":"LLAMADO ASAMBLEA GENERAL ORDINARIA 2022"},"content":{"rendered":"<p><strong>LLAMADO ASAMBLEA GENERAL ORDINARIA 2022<\/strong><\/p>\n<p>El Consejo Directivo de la Confederaci\u00f3n Uruguaya de Entidades Cooperativas, cumpliendo con los art\u00edculos 28 y 30 de sus estatutos, convoca a sus asociados a la Asamblea General Ordinaria a realizarse el d\u00eda 15 de noviembre de 2022 en la Sede de CUDECOOP ubicada en Av. 18 de Julio 948 oficina 502, Montevideo.<\/p>\n<p><strong>Orden del D\u00eda<\/strong>:<br \/>\n1. Consideraci\u00f3n del Acta anterior (AGO 01\/2022 07.06.2022)<br \/>\n2. Informe de Presidencia<br \/>\n3. Elecciones Consejo Directivo<br \/>\n4. Elecciones Comisi\u00f3n Fiscal<\/p>\n<p>1\u00aa Convocatoria \u2013 hora 17:00<br \/>\n2\u00aa Convocatoria \u2013 hora 18:00<\/p>\n<p><a href=\"file:\/\/\/C:\/Users\/romio\/Downloads\/Llamado%20AGO151122%20(1).pdf\">Llamado<\/a><\/p>\n","protected":false},"excerpt":{"rendered":"<p>LLAMADO ASAMBLEA GENERAL ORDINARIA 2022 El Consejo Directivo de la Confederaci\u00f3n Uruguaya de Entidades Cooperativas, cumpliendo con los art\u00edculos 28 y 30 de sus estatutos, convoca a sus asociados a la Asamblea General Ordinaria a realizarse el d\u00eda 15 de noviembre de 2022 en la Sede de CUDECOOP ubicada en Av. 18 de Julio 948 oficina 502, Montevideo. Orden del D\u00eda:<br \/> 1. Consideraci\u00f3n del Acta anterior (AGO 01\/2022 07.06.2022)<br \/> 2. Informe de Presidencia<br \/> 3. Elecciones Consejo Directivo<br \/> 4. Elecciones Comisi\u00f3n Fiscal 1\u00aa Convocatoria \u2013 hora 17:00<br \/> 2\u00aa Convocatoria \u2013 hora 18:00 [&#8230;]<\/p>\n","protected":false},"author":27,"featured_media":0,"comment_status":"open","ping_status":"open","sticky":false,"template":"","format":"standard","meta":{"_acf_changed":false,"ngg_post_thumbnail":0,"footnotes":""},"categories":[6,1],"tags":[],"class_list":["post-3952","post","type-post","status-publish","format-standard","hentry","category-institucionales","category-noticias"],"acf":[],"_links":{"self":[{"href":"http:\/\/www.cudecoop.coop\/cudecoop\/wp-json\/wp\/v2\/posts\/3952","targetHints":{"allow":["GET"]}}],"collection":[{"href":"http:\/\/www.cudecoop.coop\/cudecoop\/wp-json\/wp\/v2\/posts"}],"about":[{"href":"http:\/\/www.cudecoop.coop\/cudecoop\/wp-json\/wp\/v2\/types\/post"}],"author":[{"embeddable":true,"href":"http:\/\/www.cudecoop.coop\/cudecoop\/wp-json\/wp\/v2\/users\/27"}],"replies":[{"embeddable":true,"href":"http:\/\/www.cudecoop.coop\/cudecoop\/wp-json\/wp\/v2\/comments?post=3952"}],"version-history":[{"count":1,"href":"http:\/\/www.cudecoop.coop\/cudecoop\/wp-json\/wp\/v2\/posts\/3952\/revisions"}],"predecessor-version":[{"id":3954,"href":"http:\/\/www.cudecoop.coop\/cudecoop\/wp-json\/wp\/v2\/posts\/3952\/revisions\/3954"}],"wp:attachment":[{"href":"http:\/\/www.cudecoop.coop\/cudecoop\/wp-json\/wp\/v2\/media?parent=3952"}],"wp:term":[{"taxonomy":"category","embeddable":true,"href":"http:\/\/www.cudecoop.coop\/cudecoop\/wp-json\/wp\/v2\/categories?post=3952"},{"taxonomy":"post_tag","embeddable":true,"href":"http:\/\/www.cudecoop.coop\/cudecoop\/wp-json\/wp\/v2\/tags?post=3952"}],"curies":[{"name":"wp","href":"https:\/\/api.w.org\/{rel}","templated":true}]}}