{"id":3948,"date":"2022-10-21T17:42:56","date_gmt":"2022-10-21T17:42:56","guid":{"rendered":"http:\/\/www.cudecoop.coop\/cudecoop\/?p=3948"},"modified":"2022-10-21T17:42:56","modified_gmt":"2022-10-21T17:42:56","slug":"comunicacion-digital-y-vinculo-con-los-socios-y-mejora-de-gestion-para-empresas-cooperativas","status":"publish","type":"post","link":"http:\/\/www.cudecoop.coop\/cudecoop\/comunicacion-digital-y-vinculo-con-los-socios-y-mejora-de-gestion-para-empresas-cooperativas\/","title":{"rendered":"Comunicaci\u00f3n digital y v\u00ednculo con los socios y mejora de gesti\u00f3n para empresas cooperativas"},"content":{"rendered":"<p>Nuevas oportunidades de formaci\u00f3n #Cooperativas4.0<\/p>\n<p style=\"font-weight: 400;\"><strong>Comunicaci\u00f3n digital y v\u00ednculo con los socios<\/strong><\/p>\n<p style=\"font-weight: 400;\">Proporcionar conocimientos e informaci\u00f3n para contribuir a mejorar la eficiencia en la comunicaci\u00f3n interna y su impacto en la gesti\u00f3n de la cooperativa y el v\u00ednculo entre los socios<\/p>\n<p>Comienza: 31 de octubre<\/p>\n<p>Finaliza: 30 de noviembre<\/p>\n<p style=\"font-weight: 400;\">Lunes y mi\u00e9rcoles de 18 a 20 h<\/p>\n<p style=\"font-weight: 400;\">Formaci\u00f3n sin costo.<\/p>\n<p style=\"font-weight: 400;\">Inscripciones en:&nbsp;<a href=\"https:\/\/forms.gle\/2XbdfcjL56DnNdHKA\" data-saferedirecturl=\"https:\/\/www.google.com\/url?q=https:\/\/forms.gle\/2XbdfcjL56DnNdHKA&amp;source=gmail&amp;ust=1666460188912000&amp;usg=AOvVaw21Lz-IhT7R_v0Oc-BBCp1z\">https:\/\/forms.gle\/2XbdfcjL56DnNdHKA<\/a><\/p>\n<p style=\"font-weight: 400;\">&nbsp;<\/p>\n<p style=\"font-weight: 400;\"><strong>Mejora de gesti\u00f3n para empresas cooperativas<\/strong><\/p>\n<p style=\"font-weight: 400;\">Sensibilizar sobre los procesos de cambio vinculados a la calidad y la innovaci\u00f3n con el fin de mejorar su posicionamiento, competitividad y sostenibilidad de la cooperativa. Dar a conocer la herramienta de gesti\u00f3n HIMA, que permite obtener un diagn\u00f3stico identificando fortalezas y oportunidades de mejora as\u00ed como contar con un plan de acci\u00f3n para implementar nuevas pr\u00e1cticas de gesti\u00f3n<\/p>\n<p>Comienza: 14 de noviembre<\/p>\n<p>Finaliza: 28 de noviembre<\/p>\n<p style=\"font-weight: 400;\">Lunes y mi\u00e9rcoles de 18 a 20 h<\/p>\n<p style=\"font-weight: 400;\">Formaci\u00f3n sin costo.<\/p>\n<p style=\"font-weight: 400;\">Inscripciones en:&nbsp;<a href=\"https:\/\/forms.gle\/2XbdfcjL56DnNdHKA\" data-saferedirecturl=\"https:\/\/www.google.com\/url?q=https:\/\/forms.gle\/2XbdfcjL56DnNdHKA&amp;source=gmail&amp;ust=1666450878043000&amp;usg=AOvVaw2bjRA9PPP5SnIyRA0VCEi6\">https:\/\/forms.gle\/2XbdfcjL56DnNdHKA<\/a><\/p>\n<p style=\"font-weight: 400;\">&nbsp;<\/p>\n<p>&nbsp;<\/p>\n<p>&nbsp;<\/p>\n<p>&nbsp;<\/p>\n","protected":false},"excerpt":{"rendered":"<p>Nuevas oportunidades de formaci\u00f3n #Cooperativas4.0 Comunicaci\u00f3n digital y v\u00ednculo con los socios Proporcionar conocimientos e informaci\u00f3n para contribuir a mejorar la eficiencia en la comunicaci\u00f3n interna y su impacto en la gesti\u00f3n de la cooperativa y el v\u00ednculo entre los socios Comienza: 31 de octubre Finaliza: 30 de noviembre Lunes y mi\u00e9rcoles de 18 a 20 h Formaci\u00f3n sin costo. Inscripciones en:&nbsp;https:\/\/forms.gle\/2XbdfcjL56DnNdHKA &nbsp; Mejora de gesti\u00f3n para empresas cooperativas Sensibilizar sobre los procesos de cambio vinculados a la calidad y la innovaci\u00f3n con el fin de mejorar su posicionamiento, competitividad y sostenibilidad de la cooperativa. Dar a conocer la herramienta [&#8230;]<\/p>\n","protected":false},"author":27,"featured_media":3726,"comment_status":"open","ping_status":"open","sticky":false,"template":"","format":"standard","meta":{"_acf_changed":false,"ngg_post_thumbnail":0,"footnotes":""},"categories":[7,6,1],"tags":[],"class_list":["post-3948","post","type-post","status-publish","format-standard","has-post-thumbnail","hentry","category-cooperativas","category-institucionales","category-noticias"],"acf":[],"_links":{"self":[{"href":"http:\/\/www.cudecoop.coop\/cudecoop\/wp-json\/wp\/v2\/posts\/3948","targetHints":{"allow":["GET"]}}],"collection":[{"href":"http:\/\/www.cudecoop.coop\/cudecoop\/wp-json\/wp\/v2\/posts"}],"about":[{"href":"http:\/\/www.cudecoop.coop\/cudecoop\/wp-json\/wp\/v2\/types\/post"}],"author":[{"embeddable":true,"href":"http:\/\/www.cudecoop.coop\/cudecoop\/wp-json\/wp\/v2\/users\/27"}],"replies":[{"embeddable":true,"href":"http:\/\/www.cudecoop.coop\/cudecoop\/wp-json\/wp\/v2\/comments?post=3948"}],"version-history":[{"count":1,"href":"http:\/\/www.cudecoop.coop\/cudecoop\/wp-json\/wp\/v2\/posts\/3948\/revisions"}],"predecessor-version":[{"id":3950,"href":"http:\/\/www.cudecoop.coop\/cudecoop\/wp-json\/wp\/v2\/posts\/3948\/revisions\/3950"}],"wp:featuredmedia":[{"embeddable":true,"href":"http:\/\/www.cudecoop.coop\/cudecoop\/wp-json\/wp\/v2\/media\/3726"}],"wp:attachment":[{"href":"http:\/\/www.cudecoop.coop\/cudecoop\/wp-json\/wp\/v2\/media?parent=3948"}],"wp:term":[{"taxonomy":"category","embeddable":true,"href":"http:\/\/www.cudecoop.coop\/cudecoop\/wp-json\/wp\/v2\/categories?post=3948"},{"taxonomy":"post_tag","embeddable":true,"href":"http:\/\/www.cudecoop.coop\/cudecoop\/wp-json\/wp\/v2\/tags?post=3948"}],"curies":[{"name":"wp","href":"https:\/\/api.w.org\/{rel}","templated":true}]}}