{"id":3945,"date":"2022-10-17T19:47:31","date_gmt":"2022-10-17T19:47:31","guid":{"rendered":"http:\/\/www.cudecoop.coop\/cudecoop\/?p=3945"},"modified":"2022-10-17T19:47:31","modified_gmt":"2022-10-17T19:47:31","slug":"la-comision-de-genero-de-cudecoop-planifica-el-2023","status":"publish","type":"post","link":"http:\/\/www.cudecoop.coop\/cudecoop\/la-comision-de-genero-de-cudecoop-planifica-el-2023\/","title":{"rendered":"La comisi\u00f3n de g\u00e9nero de CUDECOOP planifica el 2023"},"content":{"rendered":"<p>El s\u00e1bado 15 de octubre se realiz\u00f3 una jornada de planificaci\u00f3n para el a\u00f1o 2023 de la Comisi\u00f3n de g\u00e9nero de Cudecoop.&nbsp; Se convoc\u00f3 a participar a las federaciones socias y a las mesas intercooperativas, para incorporar sus propuestas en la planificaci\u00f3n.<\/p>\n<p>Participaron las Mesas intercooperativas de Paysand\u00fa, Salto, R\u00edo Negro, Tacuaremb\u00f3 y Soriano, junto a FCPU, FUCC, FECOVI, COFAC y CUCACC.&nbsp;<\/p>\n<p>&nbsp;<\/p>\n<p>&nbsp;<\/p>\n<p>&nbsp;<\/p>\n<p>&nbsp;<\/p>\n","protected":false},"excerpt":{"rendered":"<p>El s\u00e1bado 15 de octubre se realiz\u00f3 una jornada de planificaci\u00f3n para el a\u00f1o 2023 de la Comisi\u00f3n de g\u00e9nero de Cudecoop.&nbsp; Se convoc\u00f3 a participar a las federaciones socias y a las mesas intercooperativas, para incorporar sus propuestas en la planificaci\u00f3n. Participaron las Mesas intercooperativas de Paysand\u00fa, Salto, R\u00edo Negro, Tacuaremb\u00f3 y Soriano, junto a FCPU, FUCC, FECOVI, COFAC y CUCACC.&nbsp; &nbsp; &nbsp; &nbsp; [&#8230;]<\/p>\n","protected":false},"author":27,"featured_media":3946,"comment_status":"open","ping_status":"open","sticky":false,"template":"","format":"standard","meta":{"_acf_changed":false,"ngg_post_thumbnail":0,"footnotes":""},"categories":[7,6,1],"tags":[],"class_list":["post-3945","post","type-post","status-publish","format-standard","has-post-thumbnail","hentry","category-cooperativas","category-institucionales","category-noticias"],"acf":[],"_links":{"self":[{"href":"http:\/\/www.cudecoop.coop\/cudecoop\/wp-json\/wp\/v2\/posts\/3945","targetHints":{"allow":["GET"]}}],"collection":[{"href":"http:\/\/www.cudecoop.coop\/cudecoop\/wp-json\/wp\/v2\/posts"}],"about":[{"href":"http:\/\/www.cudecoop.coop\/cudecoop\/wp-json\/wp\/v2\/types\/post"}],"author":[{"embeddable":true,"href":"http:\/\/www.cudecoop.coop\/cudecoop\/wp-json\/wp\/v2\/users\/27"}],"replies":[{"embeddable":true,"href":"http:\/\/www.cudecoop.coop\/cudecoop\/wp-json\/wp\/v2\/comments?post=3945"}],"version-history":[{"count":1,"href":"http:\/\/www.cudecoop.coop\/cudecoop\/wp-json\/wp\/v2\/posts\/3945\/revisions"}],"predecessor-version":[{"id":3947,"href":"http:\/\/www.cudecoop.coop\/cudecoop\/wp-json\/wp\/v2\/posts\/3945\/revisions\/3947"}],"wp:featuredmedia":[{"embeddable":true,"href":"http:\/\/www.cudecoop.coop\/cudecoop\/wp-json\/wp\/v2\/media\/3946"}],"wp:attachment":[{"href":"http:\/\/www.cudecoop.coop\/cudecoop\/wp-json\/wp\/v2\/media?parent=3945"}],"wp:term":[{"taxonomy":"category","embeddable":true,"href":"http:\/\/www.cudecoop.coop\/cudecoop\/wp-json\/wp\/v2\/categories?post=3945"},{"taxonomy":"post_tag","embeddable":true,"href":"http:\/\/www.cudecoop.coop\/cudecoop\/wp-json\/wp\/v2\/tags?post=3945"}],"curies":[{"name":"wp","href":"https:\/\/api.w.org\/{rel}","templated":true}]}}