{"id":3937,"date":"2022-09-12T19:51:22","date_gmt":"2022-09-12T19:51:22","guid":{"rendered":"http:\/\/www.cudecoop.coop\/cudecoop\/?p=3937"},"modified":"2022-09-12T20:17:12","modified_gmt":"2022-09-12T20:17:12","slug":"mision-a-chile","status":"publish","type":"post","link":"http:\/\/www.cudecoop.coop\/cudecoop\/mision-a-chile\/","title":{"rendered":"Misi\u00f3n a Chile"},"content":{"rendered":"<p>Del 28 de agosto al 1 de setiembre compa\u00f1eras y compa\u00f1eros de CUDECOOP y CCU realizaron una misi\u00f3n especial a Chile.&nbsp;<\/p>\n<p>Participaron&nbsp;Andrea Politi por CCU,&nbsp;Marisol Fuentes y Gabriel Isola por CUDECOOP.&nbsp;<\/p>\n<p>Entre las principales actividades desarrolladas participaron del&nbsp;Seminario Internacional de UNAF &#8211; COOP y en la Escuela de Formaci\u00f3n de Dirigentes de UNAF &#8211; COOP.&nbsp;<\/p>\n<p>Se reunieron con la Responsable del programa AGROCOOPINNOVA de la FIA;&nbsp; con&nbsp;el Director del DAES y equipo (Min. de Econom\u00eda, Fomento y Turismo); con el&nbsp;Director del CIESCOOP (USACH); con la Subsecretaria del Ministro de Vivienda y Urbanismo, Responsable del Programa de Cooperativas, y directores de \u00e1reas (MINVU); con&nbsp;integrantes de la Fedederaci\u00f3n de Cooperativas de Trabajo, TRASOL; con&nbsp;Vicepresidenta de INDAP y equipo.<\/p>\n<p>Les compartimos aqu\u00ed los principales resultados de la misi\u00f3n:<u style=\"font-size: 1rem;\">&nbsp;<\/u><\/p>\n<ol>\n<li>Acuerdo general para la renovaci\u00f3n del Convenio UNAF-COOP, CCU e INDAP, por Escuela de Formaci\u00f3n de Dirigentes, con la incorporaci\u00f3n de CUDECOOP.<\/li>\n<li>Acuerdo general para la firma de un Convenio INDAP, CCU, CUDECOOP, para apoyar la instrumentaci\u00f3n de su Programa para Cooperativas.<\/li>\n<li>Participaci\u00f3n (virtual) en el Seminario sobre Cooperativas de Vivienda que organizar\u00e1 el MINVU con referentes del sector y autoridades p\u00fablicas el 22 de setiembre.<\/li>\n<li>Acuerdo general para la firma de un acuerdo de trabajo que permita el apoyo en el dise\u00f1o del Programa de Cooperativas del MINVU, incluyendo la asistencia t\u00e9cnica para la eventual formulaci\u00f3n de propuestas normativas.<\/li>\n<li>Manifestaci\u00f3n de inter\u00e9s del DAES de continuar el v\u00ednculo con Uruguay (INACOOP y CUDECOOP), y en particular, estudiar formas de apoyar la construcci\u00f3n de una interlocuci\u00f3n gremial mejor articulada, as\u00ed como de los espacios del cooperativismo de la RECM y ACI.<\/li>\n<li>Inter\u00e9s de las gremiales (UNAF y TRASOL) de participar en la VI Cumbre Cooperativa de las Am\u00e9ricas.<\/li>\n<li>Posible participaci\u00f3n en Expo Mundo Rural entre el 22 y 25 de setiembre de 2022, co-organizado por INDAP, con exposici\u00f3n de FIA, y con conferencia de \u00c1lvaro Ramos (23\/9)<\/li>\n<\/ol>\n<p>&nbsp;<\/p>\n","protected":false},"excerpt":{"rendered":"<p>Del 28 de agosto al 1 de setiembre compa\u00f1eras y compa\u00f1eros de CUDECOOP y CCU realizaron una misi\u00f3n especial a Chile.&nbsp; Participaron&nbsp;Andrea Politi por CCU,&nbsp;Marisol Fuentes y Gabriel Isola por CUDECOOP.&nbsp; Entre las principales actividades desarrolladas participaron del&nbsp;Seminario Internacional de UNAF &#8211; COOP y en la Escuela de Formaci\u00f3n de Dirigentes de UNAF &#8211; COOP.&nbsp; Se reunieron con la Responsable del programa AGROCOOPINNOVA de la FIA;&nbsp; con&nbsp;el Director del DAES y equipo (Min. de Econom\u00eda, Fomento y Turismo); con el&nbsp;Director del CIESCOOP (USACH); con la Subsecretaria del Ministro de Vivienda y Urbanismo, Responsable del Programa de Cooperativas, y directores de [&#8230;]<\/p>\n","protected":false},"author":27,"featured_media":3942,"comment_status":"open","ping_status":"open","sticky":false,"template":"","format":"standard","meta":{"_acf_changed":false,"ngg_post_thumbnail":0,"footnotes":""},"categories":[7,6,1],"tags":[],"class_list":["post-3937","post","type-post","status-publish","format-standard","has-post-thumbnail","hentry","category-cooperativas","category-institucionales","category-noticias"],"acf":[],"_links":{"self":[{"href":"http:\/\/www.cudecoop.coop\/cudecoop\/wp-json\/wp\/v2\/posts\/3937","targetHints":{"allow":["GET"]}}],"collection":[{"href":"http:\/\/www.cudecoop.coop\/cudecoop\/wp-json\/wp\/v2\/posts"}],"about":[{"href":"http:\/\/www.cudecoop.coop\/cudecoop\/wp-json\/wp\/v2\/types\/post"}],"author":[{"embeddable":true,"href":"http:\/\/www.cudecoop.coop\/cudecoop\/wp-json\/wp\/v2\/users\/27"}],"replies":[{"embeddable":true,"href":"http:\/\/www.cudecoop.coop\/cudecoop\/wp-json\/wp\/v2\/comments?post=3937"}],"version-history":[{"count":1,"href":"http:\/\/www.cudecoop.coop\/cudecoop\/wp-json\/wp\/v2\/posts\/3937\/revisions"}],"predecessor-version":[{"id":3943,"href":"http:\/\/www.cudecoop.coop\/cudecoop\/wp-json\/wp\/v2\/posts\/3937\/revisions\/3943"}],"wp:featuredmedia":[{"embeddable":true,"href":"http:\/\/www.cudecoop.coop\/cudecoop\/wp-json\/wp\/v2\/media\/3942"}],"wp:attachment":[{"href":"http:\/\/www.cudecoop.coop\/cudecoop\/wp-json\/wp\/v2\/media?parent=3937"}],"wp:term":[{"taxonomy":"category","embeddable":true,"href":"http:\/\/www.cudecoop.coop\/cudecoop\/wp-json\/wp\/v2\/categories?post=3937"},{"taxonomy":"post_tag","embeddable":true,"href":"http:\/\/www.cudecoop.coop\/cudecoop\/wp-json\/wp\/v2\/tags?post=3937"}],"curies":[{"name":"wp","href":"https:\/\/api.w.org\/{rel}","templated":true}]}}