{"id":3928,"date":"2022-09-08T15:22:05","date_gmt":"2022-09-08T15:22:05","guid":{"rendered":"http:\/\/www.cudecoop.coop\/cudecoop\/?p=3928"},"modified":"2022-09-08T15:29:50","modified_gmt":"2022-09-08T15:29:50","slug":"seminario-sobre-innovacion-y-cooperativismo-del-futuro","status":"publish","type":"post","link":"http:\/\/www.cudecoop.coop\/cudecoop\/seminario-sobre-innovacion-y-cooperativismo-del-futuro\/","title":{"rendered":"Seminario sobre innovaci\u00f3n y cooperativismo del futuro"},"content":{"rendered":"<p>Actividad realizada en el marco del 5to Encuentro Nacional de Cooperativas el viernes 19 de agosto a las 14:00 hs. Palacio Municipal, Intendencia de Montevideo.&nbsp;<\/p>\n<p>El Seminario sobre innovaci\u00f3n y cooperativismo del futuro aport\u00f3 m\u00faltiples nuevas perspectivas del accionar de las cooperativas frente a los cambios tecnol\u00f3gicos y el protagonismo de las nuevas generaciones. Cont\u00f3 con los aportes del proyecto CANVAS Cooperativo de La Diaria, FCPU e INCUBACOOP, as\u00ed como de las experiencias de CUTE-ANTEL, ACAC, CALMERFOOD, Cooperativas de Log\u00edstica Uni\u00f3n &#8211; Santa Rosa, Intergalactic y Cuenco Cine.<\/p>\n<p><u>Del intercambio se extraen varias conclusiones<\/u>:<\/p>\n<ul>\n<li>La innovaci\u00f3n en las cooperativas no pasa por la edad de sus integrantes sino por la capacidad de abrirse a nuevas ideas y propuestas, sin prejuicios.<\/li>\n<li>Las cooperativas ofrecen estructuras m\u00e1s horizontales y representan alternativas que normalmente se desconocen por parte de los propios j\u00f3venes, porque tampoco las organizaciones las difunden y promueven adecuadamente.<\/li>\n<li>El formato capitalista, centrado en la generaci\u00f3n de riqueza y de ingresos personales, ha dejado de ser prioridad; los j\u00f3venes valoran otros aspectos que enriquezcan su vida personal desde m\u00faltiples perspectivas y en libertad.<\/li>\n<li>Las oportunidades deben trascender los relatos y transformarse en espacios reales de participaci\u00f3n.<\/li>\n<li>Es necesario acompa\u00f1ar los procesos de integraci\u00f3n de j\u00f3venes a cooperativas existentes y\/o de constituci\u00f3n de nuevas.<\/li>\n<li>La estrategia pasa necesariamente por acompasar los tiempos, muchas veces lentos de las instituciones, frente a la creciente inmediatez que caracteriza a los m\u00e1s j\u00f3venes. \u2022 Cooperativas y j\u00f3venes compartimos una visi\u00f3n del mundo: la centralidad de las personas y su realizaci\u00f3n personal por encima del enriquecimiento indiscriminado.<\/li>\n<\/ul>\n","protected":false},"excerpt":{"rendered":"<p>Actividad realizada en el marco del 5to Encuentro Nacional de Cooperativas el viernes 19 de agosto a las 14:00 hs. Palacio Municipal, Intendencia de Montevideo.&nbsp; El Seminario sobre innovaci\u00f3n y cooperativismo del futuro aport\u00f3 m\u00faltiples nuevas perspectivas del accionar de las cooperativas frente a los cambios tecnol\u00f3gicos y el protagonismo de las nuevas generaciones. Cont\u00f3 con los aportes del proyecto CANVAS Cooperativo de La Diaria, FCPU e INCUBACOOP, as\u00ed como de las experiencias de CUTE-ANTEL, ACAC, CALMERFOOD, Cooperativas de Log\u00edstica Uni\u00f3n &#8211; Santa Rosa, Intergalactic y Cuenco Cine. Del intercambio se extraen varias conclusiones: La innovaci\u00f3n en las cooperativas no [&#8230;]<\/p>\n","protected":false},"author":27,"featured_media":3929,"comment_status":"open","ping_status":"open","sticky":false,"template":"","format":"standard","meta":{"_acf_changed":false,"ngg_post_thumbnail":0,"footnotes":""},"categories":[7,6,1],"tags":[],"class_list":["post-3928","post","type-post","status-publish","format-standard","has-post-thumbnail","hentry","category-cooperativas","category-institucionales","category-noticias"],"acf":[],"_links":{"self":[{"href":"http:\/\/www.cudecoop.coop\/cudecoop\/wp-json\/wp\/v2\/posts\/3928","targetHints":{"allow":["GET"]}}],"collection":[{"href":"http:\/\/www.cudecoop.coop\/cudecoop\/wp-json\/wp\/v2\/posts"}],"about":[{"href":"http:\/\/www.cudecoop.coop\/cudecoop\/wp-json\/wp\/v2\/types\/post"}],"author":[{"embeddable":true,"href":"http:\/\/www.cudecoop.coop\/cudecoop\/wp-json\/wp\/v2\/users\/27"}],"replies":[{"embeddable":true,"href":"http:\/\/www.cudecoop.coop\/cudecoop\/wp-json\/wp\/v2\/comments?post=3928"}],"version-history":[{"count":3,"href":"http:\/\/www.cudecoop.coop\/cudecoop\/wp-json\/wp\/v2\/posts\/3928\/revisions"}],"predecessor-version":[{"id":3939,"href":"http:\/\/www.cudecoop.coop\/cudecoop\/wp-json\/wp\/v2\/posts\/3928\/revisions\/3939"}],"wp:featuredmedia":[{"embeddable":true,"href":"http:\/\/www.cudecoop.coop\/cudecoop\/wp-json\/wp\/v2\/media\/3929"}],"wp:attachment":[{"href":"http:\/\/www.cudecoop.coop\/cudecoop\/wp-json\/wp\/v2\/media?parent=3928"}],"wp:term":[{"taxonomy":"category","embeddable":true,"href":"http:\/\/www.cudecoop.coop\/cudecoop\/wp-json\/wp\/v2\/categories?post=3928"},{"taxonomy":"post_tag","embeddable":true,"href":"http:\/\/www.cudecoop.coop\/cudecoop\/wp-json\/wp\/v2\/tags?post=3928"}],"curies":[{"name":"wp","href":"https:\/\/api.w.org\/{rel}","templated":true}]}}