{"id":3925,"date":"2022-09-08T15:20:09","date_gmt":"2022-09-08T15:20:09","guid":{"rendered":"http:\/\/www.cudecoop.coop\/cudecoop\/?p=3925"},"modified":"2022-09-08T15:30:30","modified_gmt":"2022-09-08T15:30:30","slug":"la-economia-verde-y-la-identidad-cooperativa","status":"publish","type":"post","link":"http:\/\/www.cudecoop.coop\/cudecoop\/la-economia-verde-y-la-identidad-cooperativa\/","title":{"rendered":"La econom\u00eda verde y la identidad cooperativa"},"content":{"rendered":"<p>Actividad realizada en el marco del 5to Encuentro Nacional de Cooperativas el jueves 18 de agosto a las 14:00 hs. Palacio Municipal, Intendencia de Montevideo.&nbsp;<\/p>\n<p>Este primer seminario sobre econom\u00eda verde e identidad cooperativa, permiti\u00f3 comprender la profunda relaci\u00f3n que existe entre una forma de concebir los procesos econ\u00f3micos en relaci\u00f3n con el cuidado del ambiente, y los valores y principios del movimiento cooperativo. El 7mo principio cooperativo que se\u00f1ala el compromiso de las cooperativas con la comunidad, apela a esta visi\u00f3n integral de las personas y su entorno. Las exposiciones permitieron conocer las diferencias que conciernen t\u00e9rminos cercanos como el de econom\u00eda verde, econom\u00eda circular, o econom\u00eda ambiental, as\u00ed como la potencia del cooperativismo para su fuerte posicionamiento en cualquiera de estos planos, en vista de su formato de misi\u00f3n, organizaci\u00f3n, y gesti\u00f3n. Se presentaron m\u00faltiples y diversas experiencias de cooperativas que se desarrollan en este espacio de la econom\u00eda verde, tanto desde las innovaciones ecol\u00f3gicas o centradas en la sostenibilidad de la producci\u00f3n primaria, como en los procesos de transformaci\u00f3n, gesti\u00f3n de la energ\u00eda, consumo responsable, la gesti\u00f3n de los residuos, financiamiento de proyectos verdes, entre otras. Tambi\u00e9n se presentaron valiosas pistas sobre los nuevos negocios que la econom\u00eda verde viene alumbrando y las grandes oportunidades que los mismos representan para el cooperativismo. Las cooperativas tienen la sostenibilidad en su ADN, dando cuenta de un cu\u00e1druple impacto, ya que, al econ\u00f3mico, al social y al ambiental, se suma el componente pol\u00edtico, por los aportes de su gesti\u00f3n, cultura y construcci\u00f3n democr\u00e1tica.<\/p>\n","protected":false},"excerpt":{"rendered":"<p>Actividad realizada en el marco del 5to Encuentro Nacional de Cooperativas el jueves 18 de agosto a las 14:00 hs. Palacio Municipal, Intendencia de Montevideo.&nbsp; Este primer seminario sobre econom\u00eda verde e identidad cooperativa, permiti\u00f3 comprender la profunda relaci\u00f3n que existe entre una forma de concebir los procesos econ\u00f3micos en relaci\u00f3n con el cuidado del ambiente, y los valores y principios del movimiento cooperativo. El 7mo principio cooperativo que se\u00f1ala el compromiso de las cooperativas con la comunidad, apela a esta visi\u00f3n integral de las personas y su entorno. Las exposiciones permitieron conocer las diferencias que conciernen t\u00e9rminos cercanos como [&#8230;]<\/p>\n","protected":false},"author":27,"featured_media":3926,"comment_status":"open","ping_status":"open","sticky":false,"template":"","format":"standard","meta":{"_acf_changed":false,"ngg_post_thumbnail":0,"footnotes":""},"categories":[7,6,1],"tags":[],"class_list":["post-3925","post","type-post","status-publish","format-standard","has-post-thumbnail","hentry","category-cooperativas","category-institucionales","category-noticias"],"acf":[],"_links":{"self":[{"href":"http:\/\/www.cudecoop.coop\/cudecoop\/wp-json\/wp\/v2\/posts\/3925","targetHints":{"allow":["GET"]}}],"collection":[{"href":"http:\/\/www.cudecoop.coop\/cudecoop\/wp-json\/wp\/v2\/posts"}],"about":[{"href":"http:\/\/www.cudecoop.coop\/cudecoop\/wp-json\/wp\/v2\/types\/post"}],"author":[{"embeddable":true,"href":"http:\/\/www.cudecoop.coop\/cudecoop\/wp-json\/wp\/v2\/users\/27"}],"replies":[{"embeddable":true,"href":"http:\/\/www.cudecoop.coop\/cudecoop\/wp-json\/wp\/v2\/comments?post=3925"}],"version-history":[{"count":2,"href":"http:\/\/www.cudecoop.coop\/cudecoop\/wp-json\/wp\/v2\/posts\/3925\/revisions"}],"predecessor-version":[{"id":3940,"href":"http:\/\/www.cudecoop.coop\/cudecoop\/wp-json\/wp\/v2\/posts\/3925\/revisions\/3940"}],"wp:featuredmedia":[{"embeddable":true,"href":"http:\/\/www.cudecoop.coop\/cudecoop\/wp-json\/wp\/v2\/media\/3926"}],"wp:attachment":[{"href":"http:\/\/www.cudecoop.coop\/cudecoop\/wp-json\/wp\/v2\/media?parent=3925"}],"wp:term":[{"taxonomy":"category","embeddable":true,"href":"http:\/\/www.cudecoop.coop\/cudecoop\/wp-json\/wp\/v2\/categories?post=3925"},{"taxonomy":"post_tag","embeddable":true,"href":"http:\/\/www.cudecoop.coop\/cudecoop\/wp-json\/wp\/v2\/tags?post=3925"}],"curies":[{"name":"wp","href":"https:\/\/api.w.org\/{rel}","templated":true}]}}