{"id":3922,"date":"2022-09-07T16:47:35","date_gmt":"2022-09-07T16:47:35","guid":{"rendered":"http:\/\/www.cudecoop.coop\/cudecoop\/?p=3922"},"modified":"2022-09-07T16:47:35","modified_gmt":"2022-09-07T16:47:35","slug":"seminario-de-desarrollo-territorial","status":"publish","type":"post","link":"http:\/\/www.cudecoop.coop\/cudecoop\/seminario-de-desarrollo-territorial\/","title":{"rendered":"Seminario de desarrollo territorial"},"content":{"rendered":"<p>Actividad realizada en el marco del 5to Encuentro Nacional de Cooperativas el viernes 19 de agosto a las 14:00 hs. Palacio Municipal, Intendencia de Montevideo.&nbsp;<\/p>\n<p>En el seminario sobre desarrollo territorial se arribaron a las siguientes reflexiones y conclusiones: \u00bfQu\u00e9 pol\u00edticas p\u00fablicas queremos, para qu\u00e9 desarrollo territorial? -Pol\u00edtica estatal y pol\u00edtica p\u00fablica. -Tensiones, poner sobre la mesa el tema de la plusval\u00eda. -Desaf\u00edos. -Oportunidades. -Fortalezas del camino acumulado. Acorde a Susana Ramela pensemos en c\u00f3mo generar desarrollo con inclusi\u00f3n. \u00bfC\u00f3mo innovar? \u00bfY d\u00f3nde buscar la innovaci\u00f3n? \u00bfD\u00f3nde est\u00e1n pasando cosas interesantes? Innovaci\u00f3n centrada en las personas.<\/p>\n<p>Frente a las interrogantes se plantean las siguientes recomendaciones: Tomando en cuenta los planteos de Pablo Costamagna<\/p>\n<ul>\n<li>Interpretar y analizar lo que est\u00e1 sucediendo en el mundo. La pandemia obliga a cambiar la mirada. Ven\u00edamos de mirar el desarrollo desde 9 un enfoque muy local, estamos obligados a pensar el territorio desde lo que nos sucede en el contexto local, regional y global.<\/li>\n<li>Profundizar los procesos de descentralizaci\u00f3n.<\/li>\n<li>Profundizar las tem\u00e1ticas ambientales, de g\u00e9nero y el territorio.<\/li>\n<li>Internacionalizaci\u00f3n de los territorios, el territorio 4.0 (modernizar de forma inclusiva con tics).<\/li>\n<li>Profundizar los di\u00e1logos &#8211; los di\u00e1logos deben de asumir el conflicto de intereses y facilitar la construcci\u00f3n colectiva.<\/li>\n<li>La innovaci\u00f3n se ense\u00f1a y se promueve.<\/li>\n<li>Espacios de profundizaci\u00f3n de la reflexi\u00f3n sobre temas espec\u00edficos, espacios de encuentro, de dialogo<\/li>\n<li>Mejorar los tiempos de la gesti\u00f3n, agilizaci\u00f3n en registros, especialmente en el Interior donde las distancias \u201cpesan\u201d.<\/li>\n<li>Co-habitar los espacios adultos y j\u00f3venes, intergeneracionalmente.<\/li>\n<\/ul>\n","protected":false},"excerpt":{"rendered":"<p>Actividad realizada en el marco del 5to Encuentro Nacional de Cooperativas el viernes 19 de agosto a las 14:00 hs. Palacio Municipal, Intendencia de Montevideo.&nbsp; En el seminario sobre desarrollo territorial se arribaron a las siguientes reflexiones y conclusiones: \u00bfQu\u00e9 pol\u00edticas p\u00fablicas queremos, para qu\u00e9 desarrollo territorial? -Pol\u00edtica estatal y pol\u00edtica p\u00fablica. -Tensiones, poner sobre la mesa el tema de la plusval\u00eda. -Desaf\u00edos. -Oportunidades. -Fortalezas del camino acumulado. Acorde a Susana Ramela pensemos en c\u00f3mo generar desarrollo con inclusi\u00f3n. \u00bfC\u00f3mo innovar? \u00bfY d\u00f3nde buscar la innovaci\u00f3n? \u00bfD\u00f3nde est\u00e1n pasando cosas interesantes? Innovaci\u00f3n centrada en las personas. Frente a las interrogantes [&#8230;]<\/p>\n","protected":false},"author":27,"featured_media":3923,"comment_status":"open","ping_status":"open","sticky":false,"template":"","format":"standard","meta":{"_acf_changed":false,"ngg_post_thumbnail":0,"footnotes":""},"categories":[7,6,1],"tags":[],"class_list":["post-3922","post","type-post","status-publish","format-standard","has-post-thumbnail","hentry","category-cooperativas","category-institucionales","category-noticias"],"acf":[],"_links":{"self":[{"href":"http:\/\/www.cudecoop.coop\/cudecoop\/wp-json\/wp\/v2\/posts\/3922","targetHints":{"allow":["GET"]}}],"collection":[{"href":"http:\/\/www.cudecoop.coop\/cudecoop\/wp-json\/wp\/v2\/posts"}],"about":[{"href":"http:\/\/www.cudecoop.coop\/cudecoop\/wp-json\/wp\/v2\/types\/post"}],"author":[{"embeddable":true,"href":"http:\/\/www.cudecoop.coop\/cudecoop\/wp-json\/wp\/v2\/users\/27"}],"replies":[{"embeddable":true,"href":"http:\/\/www.cudecoop.coop\/cudecoop\/wp-json\/wp\/v2\/comments?post=3922"}],"version-history":[{"count":1,"href":"http:\/\/www.cudecoop.coop\/cudecoop\/wp-json\/wp\/v2\/posts\/3922\/revisions"}],"predecessor-version":[{"id":3924,"href":"http:\/\/www.cudecoop.coop\/cudecoop\/wp-json\/wp\/v2\/posts\/3922\/revisions\/3924"}],"wp:featuredmedia":[{"embeddable":true,"href":"http:\/\/www.cudecoop.coop\/cudecoop\/wp-json\/wp\/v2\/media\/3923"}],"wp:attachment":[{"href":"http:\/\/www.cudecoop.coop\/cudecoop\/wp-json\/wp\/v2\/media?parent=3922"}],"wp:term":[{"taxonomy":"category","embeddable":true,"href":"http:\/\/www.cudecoop.coop\/cudecoop\/wp-json\/wp\/v2\/categories?post=3922"},{"taxonomy":"post_tag","embeddable":true,"href":"http:\/\/www.cudecoop.coop\/cudecoop\/wp-json\/wp\/v2\/tags?post=3922"}],"curies":[{"name":"wp","href":"https:\/\/api.w.org\/{rel}","templated":true}]}}