{"id":3917,"date":"2022-09-05T17:52:09","date_gmt":"2022-09-05T17:52:09","guid":{"rendered":"http:\/\/www.cudecoop.coop\/cudecoop\/?p=3917"},"modified":"2022-09-05T17:59:04","modified_gmt":"2022-09-05T17:59:04","slug":"negociacion-colectiva-para-cooperativas-2","status":"publish","type":"post","link":"http:\/\/www.cudecoop.coop\/cudecoop\/negociacion-colectiva-para-cooperativas-2\/","title":{"rendered":"NEGOCIACI\u00d3N COLECTIVA PARA COOPERATIVAS"},"content":{"rendered":"<p>En el marco del actual convenio entre CUDECOOP e INEFOP, para la capacitaci\u00f3n en negociaci\u00f3n colectiva invitamos a participar de las siguientes actividades virtuales, coordinadas por la Dra. Luc\u00eda Maschi:&nbsp;<\/p>\n<div>Mi\u00e9rcoles 7 de setiembre &#8211; Hora 18.30&nbsp;<\/div>\n<ul>\n<li>Reflexiones sobre el cuatripartismo y contenido de los acuerdos de Consejos de Salarios con \u00e9nfasis en Servicios de Ense\u00f1anza,&nbsp;Limpieza y \u00c1reas Verdes.&nbsp;<\/li>\n<\/ul>\n<p>CUDECOOP le est\u00e1 invitando a una reuni\u00f3n de Zoom programada.<\/p>\n<p>Tema: Zoom PRIMER TALLER DRA. LUC\u00cdA MASCHI &#8211;<br \/>\nHora: 7 sept 2022 06:30 p.&nbsp;m. Montevideo<\/p>\n<p>Unirse a la reuni\u00f3n Zoom<br \/>\n<a href=\"https:\/\/us02web.zoom.us\/j\/83738736968?pwd=bVZNWnFTbEdOLzZMVVVpK05sRFVVdz09\" target=\"_blank\" rel=\"noopener\" data-saferedirecturl=\"https:\/\/www.google.com\/url?q=https:\/\/us02web.zoom.us\/j\/83738736968?pwd%3DbVZNWnFTbEdOLzZMVVVpK05sRFVVdz09&amp;source=gmail&amp;ust=1662486110349000&amp;usg=AOvVaw2eGNaoZwuw0x0PHlGtwIJm\">https:\/\/us02web.zoom.us\/j\/<wbr>83738736968?pwd=<wbr>bVZNWnFTbEdOLzZMVVVpK05sRFVVdz<wbr>09<\/a><\/p>\n<p>ID de reuni\u00f3n: 837 3873 6968<br \/>\nC\u00f3digo de acceso: 535962<\/p>\n<div>\n<div>Mi\u00e9rcoles 14 de setiembre &#8211; Hora 18.30<\/div>\n<\/div>\n<ul>\n<li>Los principios cooperativos en la jurisprudencia nacional, an\u00e1lisis de casos.&nbsp;<\/li>\n<\/ul>\n<p>&nbsp;<\/p>\n","protected":false},"excerpt":{"rendered":"<p>En el marco del actual convenio entre CUDECOOP e INEFOP, para la capacitaci\u00f3n en negociaci\u00f3n colectiva invitamos a participar de las siguientes actividades virtuales, coordinadas por la Dra. Luc\u00eda Maschi:&nbsp; Mi\u00e9rcoles 7 de setiembre &#8211; Hora 18.30&nbsp; Reflexiones sobre el cuatripartismo y contenido de los acuerdos de Consejos de Salarios con \u00e9nfasis en Servicios de Ense\u00f1anza,&nbsp;Limpieza y \u00c1reas Verdes.&nbsp; CUDECOOP le est\u00e1 invitando a una reuni\u00f3n de Zoom programada. Tema: Zoom PRIMER TALLER DRA. LUC\u00cdA MASCHI &#8211;<br \/> Hora: 7 sept 2022 06:30 p.&nbsp;m. Montevideo Unirse a la reuni\u00f3n Zoom<br \/> https:\/\/us02web.zoom.us\/j\/83738736968?pwd=bVZNWnFTbEdOLzZMVVVpK05sRFVVdz09 ID de reuni\u00f3n: 837 3873 6968<br \/> C\u00f3digo [&#8230;]<\/p>\n","protected":false},"author":27,"featured_media":3918,"comment_status":"open","ping_status":"open","sticky":false,"template":"","format":"standard","meta":{"_acf_changed":false,"ngg_post_thumbnail":0,"footnotes":""},"categories":[7,6,1],"tags":[],"class_list":["post-3917","post","type-post","status-publish","format-standard","has-post-thumbnail","hentry","category-cooperativas","category-institucionales","category-noticias"],"acf":[],"_links":{"self":[{"href":"http:\/\/www.cudecoop.coop\/cudecoop\/wp-json\/wp\/v2\/posts\/3917","targetHints":{"allow":["GET"]}}],"collection":[{"href":"http:\/\/www.cudecoop.coop\/cudecoop\/wp-json\/wp\/v2\/posts"}],"about":[{"href":"http:\/\/www.cudecoop.coop\/cudecoop\/wp-json\/wp\/v2\/types\/post"}],"author":[{"embeddable":true,"href":"http:\/\/www.cudecoop.coop\/cudecoop\/wp-json\/wp\/v2\/users\/27"}],"replies":[{"embeddable":true,"href":"http:\/\/www.cudecoop.coop\/cudecoop\/wp-json\/wp\/v2\/comments?post=3917"}],"version-history":[{"count":1,"href":"http:\/\/www.cudecoop.coop\/cudecoop\/wp-json\/wp\/v2\/posts\/3917\/revisions"}],"predecessor-version":[{"id":3919,"href":"http:\/\/www.cudecoop.coop\/cudecoop\/wp-json\/wp\/v2\/posts\/3917\/revisions\/3919"}],"wp:featuredmedia":[{"embeddable":true,"href":"http:\/\/www.cudecoop.coop\/cudecoop\/wp-json\/wp\/v2\/media\/3918"}],"wp:attachment":[{"href":"http:\/\/www.cudecoop.coop\/cudecoop\/wp-json\/wp\/v2\/media?parent=3917"}],"wp:term":[{"taxonomy":"category","embeddable":true,"href":"http:\/\/www.cudecoop.coop\/cudecoop\/wp-json\/wp\/v2\/categories?post=3917"},{"taxonomy":"post_tag","embeddable":true,"href":"http:\/\/www.cudecoop.coop\/cudecoop\/wp-json\/wp\/v2\/tags?post=3917"}],"curies":[{"name":"wp","href":"https:\/\/api.w.org\/{rel}","templated":true}]}}