{"id":3901,"date":"2022-08-09T16:13:11","date_gmt":"2022-08-09T16:13:11","guid":{"rendered":"http:\/\/www.cudecoop.coop\/cudecoop\/?p=3901"},"modified":"2022-08-09T19:48:38","modified_gmt":"2022-08-09T19:48:38","slug":"promociones-y-pasos-para-inscribirte-al-encuentro-mas-grande-de-cooperativismo-del-ano","status":"publish","type":"post","link":"http:\/\/www.cudecoop.coop\/cudecoop\/promociones-y-pasos-para-inscribirte-al-encuentro-mas-grande-de-cooperativismo-del-ano\/","title":{"rendered":"Promociones y pasos para inscribirte al encuentro m\u00e1s grande de cooperativismo del a\u00f1o"},"content":{"rendered":"<p>El 5to encuentro nacional de cooperativas se realiza entre el 18 y 20 de agosto en el Palacio Municipal de Montevideo.&nbsp;<\/p>\n<p>Este Encuentro tiene por finalidad reforzar los v\u00ednculos entre todo el entramado cooperativo nacional, en el marco de la paulatina recuperaci\u00f3n de los espacios presenciales, resaltando la agenda propuesta por la Recomendaci\u00f3n 193 de la OIT, y el grado de implementaci\u00f3n de esas directrices en la pol\u00edtica p\u00fablica y en la estrategia del movimiento cooperativo nacional.<\/p>\n<h1 class=\"vc_custom_heading\">Evento sostenible<\/h1>\n<div class=\"wpb_text_column wpb_content_element post-formatting \">\n<div class=\"wpb_wrapper\">\n<p>El evento, a trav\u00e9s del programa: Movimiento cooperativo por Uruguay sostenible, se propone reducir al m\u00ednimo el impacto ambiental en su ejecuci\u00f3n. Tenemos como meta generar la menor cantidad de residuos posibles, y que toda la organizaci\u00f3n se realice en el marco de la econom\u00eda verde.<\/p>\n<\/div>\n<h1>Programa<\/h1>\n<p>Son tres d\u00edas de actividades en simult\u00e1neo con conferencistas nacionales e internacionales que propondr\u00e1n sus puntos de vista para que a modo de talleres logremos construir recomendaciones desde el cooperativismo de base para el futuro del movimiento cooperativo de nuestro pa\u00eds.&nbsp;&nbsp;<\/p>\n<p><a href=\"http:\/\/www.cudecoop.coop\/cudecoop\/wp-content\/uploads\/2022\/08\/Cudecoop_5encuentro_programa_completo-1.pdf\">Ac\u00e1 podes ver el programa completo: Cudecoop_5encuentro_programa_completo <\/a><\/p>\n<h1>Inscripciones&nbsp;<\/h1>\n<div class=\"wpb_wrapper\">\n<h3>Inscribite al 5to Encuentro nacional de cooperativas:<\/h3>\n<h3>Llena el siguiente<a href=\"https:\/\/docs.google.com\/forms\/d\/e\/1FAIpQLSdjaXzljQKwr92NNIICe6q4W54lsLRT1A0WHigz7vpGihQVqQ\/viewform\"> formulario de inscripci\u00f3n<\/a>&nbsp;y luego realiz\u00e1 el pago de alguna de las siguientes maneras:<\/h3>\n<p><strong>A \u2013 Personalmente.<\/strong>&nbsp;En la sede de CUDECOOP (18 de Julio 948. Oficina 502) de lunes a viernes de 9 a 16 horas, con previa coordinaci\u00f3n telef\u00f3nica (29025339, int. 3).<\/p>\n<p><strong>B \u2013 Mediante banco.<\/strong>&nbsp;El dep\u00f3sito o transferencia podr\u00e1 realizarse en algunas de las siguientes cuentas:<\/p>\n<ul>\n<li>FUCEREP, caja de ahorro Nro. 27965 a nombre de CUDECOOP.<\/li>\n<li>Banco Santander cuenta corriente en pesos uruguayos Nro. 4089715, sucursal 61.<\/li>\n<li>BANDES, Cuenta Corriente en pesos Nro. 5781, sucursal 72.<\/li>\n<\/ul>\n<p><strong>C \u2013&nbsp;<\/strong>La inscripci\u00f3n se efectiviza una vez abonado la inscripci\u00f3n lo que deber\u00e1 hacerse antes del 12 de agosto de 2022.&nbsp;<\/p>\n<ul>\n<li>Valor $1.000&nbsp;<\/li>\n<li>Menores de 35 a\u00f1os $500<\/li>\n<li>Promo 4+1, se inscriben 5 personas y pagan 4.<\/li>\n<\/ul>\n<p>En todos los casos se debe rellenar el formulario de inscripci\u00f3n, y aclarar luego al momento de realizar el pago si es menor de 35 a\u00f1os o si se inscribieron en grupo.&nbsp;<\/p>\n<\/div>\n<\/div>\n","protected":false},"excerpt":{"rendered":"<p>El 5to encuentro nacional de cooperativas se realiza entre el 18 y 20 de agosto en el Palacio Municipal de Montevideo.&nbsp; Este Encuentro tiene por finalidad reforzar los v\u00ednculos entre todo el entramado cooperativo nacional, en el marco de la paulatina recuperaci\u00f3n de los espacios presenciales, resaltando la agenda propuesta por la Recomendaci\u00f3n 193 de la OIT, y el grado de implementaci\u00f3n de esas directrices en la pol\u00edtica p\u00fablica y en la estrategia del movimiento cooperativo nacional. Evento sostenible El evento, a trav\u00e9s del programa: Movimiento cooperativo por Uruguay sostenible, se propone reducir al m\u00ednimo el impacto ambiental en su [&#8230;]<\/p>\n","protected":false},"author":27,"featured_media":3902,"comment_status":"open","ping_status":"open","sticky":false,"template":"","format":"standard","meta":{"_acf_changed":false,"ngg_post_thumbnail":0,"footnotes":""},"categories":[7,6,1],"tags":[],"class_list":["post-3901","post","type-post","status-publish","format-standard","has-post-thumbnail","hentry","category-cooperativas","category-institucionales","category-noticias"],"acf":[],"_links":{"self":[{"href":"http:\/\/www.cudecoop.coop\/cudecoop\/wp-json\/wp\/v2\/posts\/3901","targetHints":{"allow":["GET"]}}],"collection":[{"href":"http:\/\/www.cudecoop.coop\/cudecoop\/wp-json\/wp\/v2\/posts"}],"about":[{"href":"http:\/\/www.cudecoop.coop\/cudecoop\/wp-json\/wp\/v2\/types\/post"}],"author":[{"embeddable":true,"href":"http:\/\/www.cudecoop.coop\/cudecoop\/wp-json\/wp\/v2\/users\/27"}],"replies":[{"embeddable":true,"href":"http:\/\/www.cudecoop.coop\/cudecoop\/wp-json\/wp\/v2\/comments?post=3901"}],"version-history":[{"count":3,"href":"http:\/\/www.cudecoop.coop\/cudecoop\/wp-json\/wp\/v2\/posts\/3901\/revisions"}],"predecessor-version":[{"id":3906,"href":"http:\/\/www.cudecoop.coop\/cudecoop\/wp-json\/wp\/v2\/posts\/3901\/revisions\/3906"}],"wp:featuredmedia":[{"embeddable":true,"href":"http:\/\/www.cudecoop.coop\/cudecoop\/wp-json\/wp\/v2\/media\/3902"}],"wp:attachment":[{"href":"http:\/\/www.cudecoop.coop\/cudecoop\/wp-json\/wp\/v2\/media?parent=3901"}],"wp:term":[{"taxonomy":"category","embeddable":true,"href":"http:\/\/www.cudecoop.coop\/cudecoop\/wp-json\/wp\/v2\/categories?post=3901"},{"taxonomy":"post_tag","embeddable":true,"href":"http:\/\/www.cudecoop.coop\/cudecoop\/wp-json\/wp\/v2\/tags?post=3901"}],"curies":[{"name":"wp","href":"https:\/\/api.w.org\/{rel}","templated":true}]}}