{"id":3894,"date":"2022-08-01T14:15:37","date_gmt":"2022-08-01T14:15:37","guid":{"rendered":"http:\/\/www.cudecoop.coop\/cudecoop\/?p=3894"},"modified":"2022-08-01T14:15:37","modified_gmt":"2022-08-01T14:15:37","slug":"se-realizo-el-4to-y-ultimo-encuentro-regional-de-cara-al-5to-encuentro-nacional-de-cooperativas","status":"publish","type":"post","link":"http:\/\/www.cudecoop.coop\/cudecoop\/se-realizo-el-4to-y-ultimo-encuentro-regional-de-cara-al-5to-encuentro-nacional-de-cooperativas\/","title":{"rendered":"Se realiz\u00f3 el 4to y \u00faltimo encuentro regional, de cara al 5to Encuentro Nacional de Cooperativas"},"content":{"rendered":"<div>Con m\u00e1s de 100 participantes, el s\u00e1bado 30 de julio se realiz\u00f3 el encuentro Litoral Sur en Colonia. Esta actividad fue la \u00faltima de las cuatro propuestas por Cudecoop, para preparar a las cooperativas de todo el territorio nacional de cara al 5to Encuentro Nacional de Cooperativas que se realiza este mes de agosto en Montevideo.&nbsp;<\/div>\n<div>&nbsp;<\/div>\n<div>La actividad cont\u00f3 con la participaci\u00f3n de&nbsp;autoridades locales y nacionales y&nbsp; cooperativistas de Colonia, San Jos\u00e9, Soriano y Flores.&nbsp;<\/div>\n<div>Al inicio del Encuentro se expusieron los autores de los ejes disparadores del 5to Encuentro Nacional, realizaron la exposici\u00f3n sobre los mismos: Pablo Guerra (eje 1), Juan Pablo Mart\u00ed (eje 2) y Gabriel Isola (eje 3). Dichas exposiciones brindaron elementos para que cooperativistas luego reunidos en talleres, pusieran en discusi\u00f3n la realidad de sus cooperativas en relaci\u00f3n a los temas propuestos.&nbsp;<\/div>\n<div>&nbsp;<\/div>\n<div>https:\/\/www.youtube.com\/watch?v=A7olFQfpEOE<\/div>\n<div>&nbsp;<\/div>\n<div>Luego de la plenaria y puesta a punto de los trabajos realizados por los participantes, se realiz\u00f3 la mesa de cierre con las autoridades:&nbsp;<\/div>\n<div>por la intendencia de Colonia particip\u00f3 el director de PYMES, Walter Godoy, destac\u00f3 la importancia del rol que cumplen las cooperativas en el Departamento, por ser espacios que generan \u00e1mbitos de di\u00e1logo y formaci\u00f3n, como generadoras de historia y motoras de desarrollo de la comunidad. &#8220;En Colonia hay entre 130 y 140 cooperativas, Colonia ha crecido y se ha desarrollado, entre otras cosas,&nbsp; de la mano del cooperativismo&#8221;, destac\u00f3 el Director Godoy.&nbsp;<\/div>\n<div>&nbsp;<\/div>\n<div>Por otro lado el presidente de INACOOP, Mart\u00edn Fern\u00e1ndez, destac\u00f3 el emprendudismo y la historia de las cooperativas que se desarrollan en esta zona del pa\u00eds, se\u00f1alando que las mismas son una herramienta de construcci\u00f3n de futuro, para el cual la co creaci\u00f3n de pol\u00edtica p\u00fablica entre el Instituto y el la representaci\u00f3n de Cudecoop en el mismo, genera las condiciones generales para que el sector decida qu\u00e9 decisiones tomar para su crecimiento.&nbsp;<\/div>\n<div>&nbsp;<\/div>\n<div>En el cierre, la presidenta de CUDECOOP, Alicia Maneiro, se\u00f1al\u00f3 la importancia de la construcci\u00f3n colectiva de estos espacios, que es lo que adem\u00e1s hace a la esencia del cooperativismo. Este a\u00f1o es particularmente porque se cumplen los 20 a\u00f1os de la Recomendaci\u00f3n 193 de la OIT, que se\u00f1alaba a los Gobiernos la relevancia del instrumento cooperativo, y la necesidad de estimular su crecimiento, &#8220;Hoy, 20 a\u00f1os despu\u00e9s, somos conscientes que en Uruguay se ha generado pol\u00edtica p\u00fablica y el gran crecimiento que ha tenido el movimiento cooperativo, y a la vista est\u00e1: uno de cada tres uruguayos est\u00e1 en relaci\u00f3n directa con el movimiento cooperativo&#8221; destac\u00f3 la Presidenta de Cudecoop.&nbsp;&nbsp;<\/div>\n<div>&nbsp;<\/div>\n<div>https:\/\/www.youtube.com\/watch?v=LOmewMsTEMU<\/div>\n","protected":false},"excerpt":{"rendered":"<p>Con m\u00e1s de 100 participantes, el s\u00e1bado 30 de julio se realiz\u00f3 el encuentro Litoral Sur en Colonia. Esta actividad fue la \u00faltima de las cuatro propuestas por Cudecoop, para preparar a las cooperativas de todo el territorio nacional de cara al 5to Encuentro Nacional de Cooperativas que se realiza este mes de agosto en Montevideo.&nbsp; &nbsp; La actividad cont\u00f3 con la participaci\u00f3n de&nbsp;autoridades locales y nacionales y&nbsp; cooperativistas de Colonia, San Jos\u00e9, Soriano y Flores.&nbsp; Al inicio del Encuentro se expusieron los autores de los ejes disparadores del 5to Encuentro Nacional, realizaron la exposici\u00f3n sobre los mismos: Pablo Guerra [&#8230;]<\/p>\n","protected":false},"author":27,"featured_media":0,"comment_status":"open","ping_status":"open","sticky":false,"template":"","format":"standard","meta":{"_acf_changed":false,"ngg_post_thumbnail":0,"footnotes":""},"categories":[7,6,1],"tags":[],"class_list":["post-3894","post","type-post","status-publish","format-standard","hentry","category-cooperativas","category-institucionales","category-noticias"],"acf":[],"_links":{"self":[{"href":"http:\/\/www.cudecoop.coop\/cudecoop\/wp-json\/wp\/v2\/posts\/3894","targetHints":{"allow":["GET"]}}],"collection":[{"href":"http:\/\/www.cudecoop.coop\/cudecoop\/wp-json\/wp\/v2\/posts"}],"about":[{"href":"http:\/\/www.cudecoop.coop\/cudecoop\/wp-json\/wp\/v2\/types\/post"}],"author":[{"embeddable":true,"href":"http:\/\/www.cudecoop.coop\/cudecoop\/wp-json\/wp\/v2\/users\/27"}],"replies":[{"embeddable":true,"href":"http:\/\/www.cudecoop.coop\/cudecoop\/wp-json\/wp\/v2\/comments?post=3894"}],"version-history":[{"count":2,"href":"http:\/\/www.cudecoop.coop\/cudecoop\/wp-json\/wp\/v2\/posts\/3894\/revisions"}],"predecessor-version":[{"id":3896,"href":"http:\/\/www.cudecoop.coop\/cudecoop\/wp-json\/wp\/v2\/posts\/3894\/revisions\/3896"}],"wp:attachment":[{"href":"http:\/\/www.cudecoop.coop\/cudecoop\/wp-json\/wp\/v2\/media?parent=3894"}],"wp:term":[{"taxonomy":"category","embeddable":true,"href":"http:\/\/www.cudecoop.coop\/cudecoop\/wp-json\/wp\/v2\/categories?post=3894"},{"taxonomy":"post_tag","embeddable":true,"href":"http:\/\/www.cudecoop.coop\/cudecoop\/wp-json\/wp\/v2\/tags?post=3894"}],"curies":[{"name":"wp","href":"https:\/\/api.w.org\/{rel}","templated":true}]}}