{"id":3878,"date":"2022-07-12T20:55:41","date_gmt":"2022-07-12T20:55:41","guid":{"rendered":"http:\/\/www.cudecoop.coop\/cudecoop\/?p=3878"},"modified":"2022-07-27T15:12:51","modified_gmt":"2022-07-27T15:12:51","slug":"encuentro-regional-de-cooperativas-de-colonia-soriano-flores-y-san-jose","status":"publish","type":"post","link":"http:\/\/www.cudecoop.coop\/cudecoop\/encuentro-regional-de-cooperativas-de-colonia-soriano-flores-y-san-jose\/","title":{"rendered":"Encuentro Litoral sur de cooperativas de Colonia, Soriano, Flores y San Jos\u00e9"},"content":{"rendered":"<p>S\u00e1bado 30 de Julio 2022, 9h en Centro BIT de Colonia del Sacramento o<br \/>\nvirtual&nbsp;<\/p>\n<p>En el marco de la celebraci\u00f3n de los 20 a\u00f1os de la Recomendaci\u00f3n 193 de<br \/>\nla OIT para la promoci\u00f3n de las cooperativas, se realiza el 5to Encuentro<br \/>\nnacional el pr\u00f3ximo mes de agosto en Montevideo.<\/p>\n<p>Con tal motivo nos encontramos el s\u00e1bado 30 de julio para trabajar y<br \/>\naportar a los ejes desde la perspectiva de las cooperativas de Colonia,<br \/>\nSoriano, Flores y San Jos\u00e9.<\/p>\n<p>La actividad se realiza de forma presencial en Colonia, y tambi\u00e9n se podr\u00e1<br \/>\nparticipar de forma virtual para quienes as\u00ed lo prefieran.&nbsp;<\/p>\n<p><a href=\"https:\/\/forms.gle\/LdEZwSjPsxLmSL3C7\">INSCRIPCIONES AQU\u00cd<\/a><\/p>\n<p>S\u00e1bado 30 de Julio 2022, 9h en el Centro de Bienvenida, Interpretaci\u00f3n y<br \/>\nTurismo de Colonia (BIT) de Colonia del Sacramento o virtual.<br \/>\nDirecci\u00f3n. Odriozola 434<br \/>\nHora: 8.00<\/p>\n<p>&nbsp;<\/p>\n<p>Conexi\u00f3n virtual:&nbsp;<\/p>\n<p style=\"font-weight: 400;\">Unirse a la reuni\u00f3n Zoom<\/p>\n<p style=\"font-weight: 400;\"><a href=\"https:\/\/us06web.zoom.us\/j\/85363508959?pwd=ZW1UQ1N0TVlQVnhLeEpqOWlsQkZPQT09\" data-saferedirecturl=\"https:\/\/www.google.com\/url?q=https:\/\/us06web.zoom.us\/j\/85363508959?pwd%3DZW1UQ1N0TVlQVnhLeEpqOWlsQkZPQT09&amp;source=gmail&amp;ust=1657744968933000&amp;usg=AOvVaw0O7Fv1v75TJ-xKRshTkaEA\">https:\/\/us06web.zoom.us\/j\/85363508959?pwd=ZW1UQ1N0TVlQVnhLeEpqOWlsQkZPQT09<\/a><\/p>\n<p style=\"font-weight: 400;\">ID de reuni\u00f3n: 853 6350 8959<\/p>\n<p style=\"font-weight: 400;\">C\u00f3digo de acceso: 149386<\/p>\n<p>&nbsp;<\/p>\n<p>Programa del encuentro<\/p>\n<p><a href=\"http:\/\/www.cudecoop.coop\/cudecoop\/wp-content\/uploads\/2022\/07\/COLONIA-Programa-Encuentro-Regional-30jul2022.pdf\">COLONIA Programa Encuentro Regional 30jul2022<\/a><\/p>\n","protected":false},"excerpt":{"rendered":"<p>S\u00e1bado 30 de Julio 2022, 9h en Centro BIT de Colonia del Sacramento o<br \/> virtual&nbsp; En el marco de la celebraci\u00f3n de los 20 a\u00f1os de la Recomendaci\u00f3n 193 de<br \/> la OIT para la promoci\u00f3n de las cooperativas, se realiza el 5to Encuentro<br \/> nacional el pr\u00f3ximo mes de agosto en Montevideo. Con tal motivo nos encontramos el s\u00e1bado 30 de julio para trabajar y<br \/> aportar a los ejes desde la perspectiva de las cooperativas de Colonia,<br \/> Soriano, Flores y San Jos\u00e9. La actividad se realiza de forma presencial en Colonia, y tambi\u00e9n se podr\u00e1<br \/> [&#8230;]<\/p>\n","protected":false},"author":27,"featured_media":3887,"comment_status":"open","ping_status":"open","sticky":false,"template":"","format":"standard","meta":{"_acf_changed":false,"ngg_post_thumbnail":0,"footnotes":""},"categories":[7,6,1],"tags":[],"class_list":["post-3878","post","type-post","status-publish","format-standard","has-post-thumbnail","hentry","category-cooperativas","category-institucionales","category-noticias"],"acf":[],"_links":{"self":[{"href":"http:\/\/www.cudecoop.coop\/cudecoop\/wp-json\/wp\/v2\/posts\/3878","targetHints":{"allow":["GET"]}}],"collection":[{"href":"http:\/\/www.cudecoop.coop\/cudecoop\/wp-json\/wp\/v2\/posts"}],"about":[{"href":"http:\/\/www.cudecoop.coop\/cudecoop\/wp-json\/wp\/v2\/types\/post"}],"author":[{"embeddable":true,"href":"http:\/\/www.cudecoop.coop\/cudecoop\/wp-json\/wp\/v2\/users\/27"}],"replies":[{"embeddable":true,"href":"http:\/\/www.cudecoop.coop\/cudecoop\/wp-json\/wp\/v2\/comments?post=3878"}],"version-history":[{"count":3,"href":"http:\/\/www.cudecoop.coop\/cudecoop\/wp-json\/wp\/v2\/posts\/3878\/revisions"}],"predecessor-version":[{"id":3890,"href":"http:\/\/www.cudecoop.coop\/cudecoop\/wp-json\/wp\/v2\/posts\/3878\/revisions\/3890"}],"wp:featuredmedia":[{"embeddable":true,"href":"http:\/\/www.cudecoop.coop\/cudecoop\/wp-json\/wp\/v2\/media\/3887"}],"wp:attachment":[{"href":"http:\/\/www.cudecoop.coop\/cudecoop\/wp-json\/wp\/v2\/media?parent=3878"}],"wp:term":[{"taxonomy":"category","embeddable":true,"href":"http:\/\/www.cudecoop.coop\/cudecoop\/wp-json\/wp\/v2\/categories?post=3878"},{"taxonomy":"post_tag","embeddable":true,"href":"http:\/\/www.cudecoop.coop\/cudecoop\/wp-json\/wp\/v2\/tags?post=3878"}],"curies":[{"name":"wp","href":"https:\/\/api.w.org\/{rel}","templated":true}]}}