{"id":3872,"date":"2022-07-08T20:50:47","date_gmt":"2022-07-08T20:50:47","guid":{"rendered":"http:\/\/www.cudecoop.coop\/cudecoop\/?p=3872"},"modified":"2022-07-08T22:47:24","modified_gmt":"2022-07-08T22:47:24","slug":"3872-2","status":"publish","type":"post","link":"http:\/\/www.cudecoop.coop\/cudecoop\/3872-2\/","title":{"rendered":"Graciela Fern\u00e1ndez continuar\u00eda como presidenta de Cooperativas de las Am\u00e9ricas"},"content":{"rendered":"<p>En el marco del 98 Consejo de Administraci\u00f3n de Cooperativas de las Am\u00e9ricas, luego de que Uruguay ponga a disposici\u00f3n el nombre de la compa\u00f1era Graciela Fern\u00e1ndez para la continuidad en su rol de Presidenta de dicha organizaci\u00f3n, Consejeros de todas las Am\u00e9ricas apoyaron de forma un\u00e1nime su candidatura por un nuevo per\u00edodo.&nbsp;<\/p>\n<p>Este apoyo deber\u00e1 refrendarse formalmente en la Asamblea General en la 6ta Cumbre Cooperativa de las Am\u00e9ricas, en octubre de este a\u00f1o en Paraguay.&nbsp;<\/p>\n","protected":false},"excerpt":{"rendered":"<p>En el marco del 98 Consejo de Administraci\u00f3n de Cooperativas de las Am\u00e9ricas, luego de que Uruguay ponga a disposici\u00f3n el nombre de la compa\u00f1era Graciela Fern\u00e1ndez para la continuidad en su rol de Presidenta de dicha organizaci\u00f3n, Consejeros de todas las Am\u00e9ricas apoyaron de forma un\u00e1nime su candidatura por un nuevo per\u00edodo.&nbsp; Este apoyo deber\u00e1 refrendarse formalmente en la Asamblea General en la 6ta Cumbre Cooperativa de las Am\u00e9ricas, en octubre de este a\u00f1o en [&#8230;]<\/p>\n","protected":false},"author":27,"featured_media":3156,"comment_status":"open","ping_status":"open","sticky":false,"template":"","format":"standard","meta":{"_acf_changed":false,"ngg_post_thumbnail":0,"footnotes":""},"categories":[7,6,1],"tags":[],"class_list":["post-3872","post","type-post","status-publish","format-standard","has-post-thumbnail","hentry","category-cooperativas","category-institucionales","category-noticias"],"acf":[],"_links":{"self":[{"href":"http:\/\/www.cudecoop.coop\/cudecoop\/wp-json\/wp\/v2\/posts\/3872","targetHints":{"allow":["GET"]}}],"collection":[{"href":"http:\/\/www.cudecoop.coop\/cudecoop\/wp-json\/wp\/v2\/posts"}],"about":[{"href":"http:\/\/www.cudecoop.coop\/cudecoop\/wp-json\/wp\/v2\/types\/post"}],"author":[{"embeddable":true,"href":"http:\/\/www.cudecoop.coop\/cudecoop\/wp-json\/wp\/v2\/users\/27"}],"replies":[{"embeddable":true,"href":"http:\/\/www.cudecoop.coop\/cudecoop\/wp-json\/wp\/v2\/comments?post=3872"}],"version-history":[{"count":4,"href":"http:\/\/www.cudecoop.coop\/cudecoop\/wp-json\/wp\/v2\/posts\/3872\/revisions"}],"predecessor-version":[{"id":3876,"href":"http:\/\/www.cudecoop.coop\/cudecoop\/wp-json\/wp\/v2\/posts\/3872\/revisions\/3876"}],"wp:featuredmedia":[{"embeddable":true,"href":"http:\/\/www.cudecoop.coop\/cudecoop\/wp-json\/wp\/v2\/media\/3156"}],"wp:attachment":[{"href":"http:\/\/www.cudecoop.coop\/cudecoop\/wp-json\/wp\/v2\/media?parent=3872"}],"wp:term":[{"taxonomy":"category","embeddable":true,"href":"http:\/\/www.cudecoop.coop\/cudecoop\/wp-json\/wp\/v2\/categories?post=3872"},{"taxonomy":"post_tag","embeddable":true,"href":"http:\/\/www.cudecoop.coop\/cudecoop\/wp-json\/wp\/v2\/tags?post=3872"}],"curies":[{"name":"wp","href":"https:\/\/api.w.org\/{rel}","templated":true}]}}