{"id":3864,"date":"2022-07-02T00:29:40","date_gmt":"2022-07-02T00:29:40","guid":{"rendered":"http:\/\/www.cudecoop.coop\/cudecoop\/?p=3864"},"modified":"2022-07-02T11:34:23","modified_gmt":"2022-07-02T11:34:23","slug":"dia-internacional-de-las-cooperativas-2022","status":"publish","type":"post","link":"http:\/\/www.cudecoop.coop\/cudecoop\/dia-internacional-de-las-cooperativas-2022\/","title":{"rendered":"D\u00eda internacional de las cooperativas 2022"},"content":{"rendered":"<p>Este s\u00e1bado 2 de julio celebramos el d\u00eda internacional de las cooperativas, con el lema internacional &#8220;Las cooperativas construyen un mundo mejor&#8221;.&nbsp;<\/p>\n<p>A 100 a\u00f1os del primer a\u00f1o de celebraci\u00f3n, llevado adelante por un grupo de cooperativistas en el marco de la Alianza Cooperativa Internacional, y a 10 a\u00f1os del A\u00f1o internacional de las cooperativas, este d\u00eda del a\u00f1o toma un matiz especial.<\/p>\n<p>Celebramos junto a cooperativistas de todas partes y cada rinc\u00f3n del pa\u00eds, con diversidad de acciones e hitos para visibilizar a las cooperativas y como estas contribuyen en la construcci\u00f3n de un mundo mejor.&nbsp;<\/p>\n<p>Tacuaremb\u00f3 capital nacional del cooperativismo 2022, ser\u00e1 la sede oficial de los festejos llevado adelante por las organizaciones del sistema cooperativo nacional.&nbsp;<\/p>\n<p>La primer actividad es a las 11h del d\u00eda s\u00e1bado, un encuentro para reinaugurar la plaza de las cooperativas del Departamento, donde contaremos con la presencia de diversas autoridades nacionales, departamentales y del cooperativismo.&nbsp;<\/p>\n<p>Luego de este espacio de re inauguraci\u00f3n y homenaje a las cooperativas, nos encontramos a las 14h en la Plaza de deportes para realizar una corre caminata y una zumba cooperativa.&nbsp;<\/p>\n<p>Compartimos aqu\u00ed el mensaje de cooperativistas de Tacuaremb\u00f3 sobre como las cooperativas construyen un mundo mejor.&nbsp;<\/p>\n<p><iframe loading=\"lazy\" title=\"D\u00eda de las cooperativas 2022 #Coopsday\" width=\"525\" height=\"295\" src=\"https:\/\/www.youtube.com\/embed\/QrWow_0j_qY?feature=oembed\" frameborder=\"0\" allow=\"accelerometer; autoplay; clipboard-write; encrypted-media; gyroscope; picture-in-picture; web-share\" referrerpolicy=\"strict-origin-when-cross-origin\" allowfullscreen><\/iframe><\/p>\n<p>&nbsp;<\/p>\n<p>\u00a1Feliz d\u00eda cooperativistas!<\/p>\n<p>&nbsp;<\/p>\n","protected":false},"excerpt":{"rendered":"<p>Este s\u00e1bado 2 de julio celebramos el d\u00eda internacional de las cooperativas, con el lema internacional &#8220;Las cooperativas construyen un mundo mejor&#8221;.&nbsp; A 100 a\u00f1os del primer a\u00f1o de celebraci\u00f3n, llevado adelante por un grupo de cooperativistas en el marco de la Alianza Cooperativa Internacional, y a 10 a\u00f1os del A\u00f1o internacional de las cooperativas, este d\u00eda del a\u00f1o toma un matiz especial. Celebramos junto a cooperativistas de todas partes y cada rinc\u00f3n del pa\u00eds, con diversidad de acciones e hitos para visibilizar a las cooperativas y como estas contribuyen en la construcci\u00f3n de un mundo mejor.&nbsp; Tacuaremb\u00f3 capital nacional [&#8230;]<\/p>\n","protected":false},"author":27,"featured_media":3867,"comment_status":"open","ping_status":"open","sticky":false,"template":"","format":"standard","meta":{"_acf_changed":false,"ngg_post_thumbnail":0,"footnotes":""},"categories":[7,6,1],"tags":[],"class_list":["post-3864","post","type-post","status-publish","format-standard","has-post-thumbnail","hentry","category-cooperativas","category-institucionales","category-noticias"],"acf":[],"_links":{"self":[{"href":"http:\/\/www.cudecoop.coop\/cudecoop\/wp-json\/wp\/v2\/posts\/3864","targetHints":{"allow":["GET"]}}],"collection":[{"href":"http:\/\/www.cudecoop.coop\/cudecoop\/wp-json\/wp\/v2\/posts"}],"about":[{"href":"http:\/\/www.cudecoop.coop\/cudecoop\/wp-json\/wp\/v2\/types\/post"}],"author":[{"embeddable":true,"href":"http:\/\/www.cudecoop.coop\/cudecoop\/wp-json\/wp\/v2\/users\/27"}],"replies":[{"embeddable":true,"href":"http:\/\/www.cudecoop.coop\/cudecoop\/wp-json\/wp\/v2\/comments?post=3864"}],"version-history":[{"count":1,"href":"http:\/\/www.cudecoop.coop\/cudecoop\/wp-json\/wp\/v2\/posts\/3864\/revisions"}],"predecessor-version":[{"id":3865,"href":"http:\/\/www.cudecoop.coop\/cudecoop\/wp-json\/wp\/v2\/posts\/3864\/revisions\/3865"}],"wp:featuredmedia":[{"embeddable":true,"href":"http:\/\/www.cudecoop.coop\/cudecoop\/wp-json\/wp\/v2\/media\/3867"}],"wp:attachment":[{"href":"http:\/\/www.cudecoop.coop\/cudecoop\/wp-json\/wp\/v2\/media?parent=3864"}],"wp:term":[{"taxonomy":"category","embeddable":true,"href":"http:\/\/www.cudecoop.coop\/cudecoop\/wp-json\/wp\/v2\/categories?post=3864"},{"taxonomy":"post_tag","embeddable":true,"href":"http:\/\/www.cudecoop.coop\/cudecoop\/wp-json\/wp\/v2\/tags?post=3864"}],"curies":[{"name":"wp","href":"https:\/\/api.w.org\/{rel}","templated":true}]}}