{"id":3863,"date":"2022-07-04T13:25:09","date_gmt":"2022-07-04T13:25:09","guid":{"rendered":"http:\/\/www.cudecoop.coop\/cudecoop\/?p=3863"},"modified":"2022-07-04T13:25:09","modified_gmt":"2022-07-04T13:25:09","slug":"negociacion-colectiva-para-cooperativas","status":"publish","type":"post","link":"http:\/\/www.cudecoop.coop\/cudecoop\/negociacion-colectiva-para-cooperativas\/","title":{"rendered":"Negociaci\u00f3n colectiva para cooperativas"},"content":{"rendered":"<div class=\"gmail_default\">En el marco del actual convenio entre CUDECOOP e INEFOP, para la capacitaci\u00f3n en negociaci\u00f3n colectiva invitamos a participar de las siguientes actividades virtuales:&nbsp;<\/div>\n<div class=\"gmail_default\">&nbsp;<\/div>\n<div class=\"gmail_default\">1.-&nbsp;<b>La autonom\u00eda de las cooperativas y el Derecho Laboral<\/b>&nbsp;&nbsp;<\/div>\n<div class=\"gmail_default\">&nbsp; &nbsp; &nbsp;mi\u00e9rcoles 6 de julio a las 18.30&nbsp;<\/div>\n<div>&nbsp;<\/div>\n<div>Para conectarse:&nbsp;<\/div>\n<div>CUDECOOP le est\u00e1 invitando a una reuni\u00f3n de Zoom programada.<\/p>\n<p>Unirse a la reuni\u00f3n Zoom<br \/>\n<a href=\"https:\/\/www.google.com\/url?q=https:\/\/us02web.zoom.us\/j\/86130820776?pwd%3DajoGUq-e42IJNOVXAFYF9CDrTnqeGq.1&amp;sa=D&amp;source=calendar&amp;usd=2&amp;usg=AOvVaw3TxjqZECVqWLNR15ZEtQr-\" target=\"_blank\" rel=\"noopener\" data-saferedirecturl=\"https:\/\/www.google.com\/url?q=https:\/\/www.google.com\/url?q%3Dhttps:\/\/us02web.zoom.us\/j\/86130820776?pwd%253DajoGUq-e42IJNOVXAFYF9CDrTnqeGq.1%26sa%3DD%26source%3Dcalendar%26usd%3D2%26usg%3DAOvVaw3TxjqZECVqWLNR15ZEtQr-&amp;source=gmail&amp;ust=1657024563256000&amp;usg=AOvVaw2Yl33MBt-RjEH6HmJPg4_S\">https:\/\/us02web.zoom.us\/j\/<wbr>86130820776?pwd=ajoGUq-<wbr>e42IJNOVXAFYF9CDrTnqeGq.1<\/a><\/p>\n<p>ID de reuni\u00f3n: 861 3082 0776<br \/>\nC\u00f3digo de acceso: 381797<\/p><\/div>\n<div>&nbsp;<\/div>\n<div class=\"gmail_default\">2.-&nbsp;<b>Los sindicatos y las cooperativas: \u00bfobjetivos comunes o diversos?&nbsp;<\/b>&nbsp;<\/div>\n<div class=\"gmail_default\">&nbsp; &nbsp; &nbsp;mi\u00e9rcoles 13 de julio a las 18.30<\/div>\n<div>&nbsp;<\/div>\n<div>Para conectarse:<\/div>\n<div>CUDECOOP le est\u00e1 invitando a una reuni\u00f3n de Zoom programada.<\/p>\n<p>Unirse a la reuni\u00f3n Zoom<br \/>\n<a href=\"https:\/\/www.google.com\/url?q=https:\/\/us02web.zoom.us\/j\/83655863675?pwd%3DkpUk5YUczQVyreLQ1m8HO2bx-aHb8E.1&amp;sa=D&amp;source=calendar&amp;usd=2&amp;usg=AOvVaw1F3BKQ_zeLwYjIgKCBqeLN\" target=\"_blank\" rel=\"noopener\" data-saferedirecturl=\"https:\/\/www.google.com\/url?q=https:\/\/www.google.com\/url?q%3Dhttps:\/\/us02web.zoom.us\/j\/83655863675?pwd%253DkpUk5YUczQVyreLQ1m8HO2bx-aHb8E.1%26sa%3DD%26source%3Dcalendar%26usd%3D2%26usg%3DAOvVaw1F3BKQ_zeLwYjIgKCBqeLN&amp;source=gmail&amp;ust=1657024563256000&amp;usg=AOvVaw03SWYm-s1AZT2tUHFGv0aU\">https:\/\/us02web.zoom.us\/j\/<wbr>83655863675?pwd=<wbr>kpUk5YUczQVyreLQ1m8HO2bx-<wbr>aHb8E.1<\/a><\/p>\n<p>ID de reuni\u00f3n: 836 5586 3675<br \/>\nC\u00f3digo de acceso: 883686<\/p><\/div>\n<div class=\"gmail_default\">&nbsp;<\/div>\n<div class=\"gmail_default\">Ambas actividades son coordinadas por el Dr. Sergio Reyes y se realizan en formato virtual.&nbsp;<\/div>\n<div class=\"gmail_default\">&nbsp;<\/div>\n<div>&nbsp;<\/div>\n<p>&nbsp;<\/p>\n","protected":false},"excerpt":{"rendered":"<p>En el marco del actual convenio entre CUDECOOP e INEFOP, para la capacitaci\u00f3n en negociaci\u00f3n colectiva invitamos a participar de las siguientes actividades virtuales:&nbsp; &nbsp; 1.-&nbsp;La autonom\u00eda de las cooperativas y el Derecho Laboral&nbsp;&nbsp; &nbsp; &nbsp; &nbsp;mi\u00e9rcoles 6 de julio a las 18.30&nbsp; &nbsp; Para conectarse:&nbsp; CUDECOOP le est\u00e1 invitando a una reuni\u00f3n de Zoom programada. Unirse a la reuni\u00f3n Zoom<br \/> https:\/\/us02web.zoom.us\/j\/86130820776?pwd=ajoGUq-e42IJNOVXAFYF9CDrTnqeGq.1 ID de reuni\u00f3n: 861 3082 0776<br \/> C\u00f3digo de acceso: 381797 &nbsp; 2.-&nbsp;Los sindicatos y las cooperativas: \u00bfobjetivos comunes o diversos?&nbsp;&nbsp; &nbsp; &nbsp; &nbsp;mi\u00e9rcoles 13 de julio a las 18.30 &nbsp; Para conectarse: CUDECOOP le est\u00e1 invitando [&#8230;]<\/p>\n","protected":false},"author":27,"featured_media":3868,"comment_status":"open","ping_status":"open","sticky":false,"template":"","format":"standard","meta":{"_acf_changed":false,"ngg_post_thumbnail":0,"footnotes":""},"categories":[7,6,1],"tags":[],"class_list":["post-3863","post","type-post","status-publish","format-standard","has-post-thumbnail","hentry","category-cooperativas","category-institucionales","category-noticias"],"acf":[],"_links":{"self":[{"href":"http:\/\/www.cudecoop.coop\/cudecoop\/wp-json\/wp\/v2\/posts\/3863","targetHints":{"allow":["GET"]}}],"collection":[{"href":"http:\/\/www.cudecoop.coop\/cudecoop\/wp-json\/wp\/v2\/posts"}],"about":[{"href":"http:\/\/www.cudecoop.coop\/cudecoop\/wp-json\/wp\/v2\/types\/post"}],"author":[{"embeddable":true,"href":"http:\/\/www.cudecoop.coop\/cudecoop\/wp-json\/wp\/v2\/users\/27"}],"replies":[{"embeddable":true,"href":"http:\/\/www.cudecoop.coop\/cudecoop\/wp-json\/wp\/v2\/comments?post=3863"}],"version-history":[{"count":1,"href":"http:\/\/www.cudecoop.coop\/cudecoop\/wp-json\/wp\/v2\/posts\/3863\/revisions"}],"predecessor-version":[{"id":3869,"href":"http:\/\/www.cudecoop.coop\/cudecoop\/wp-json\/wp\/v2\/posts\/3863\/revisions\/3869"}],"wp:featuredmedia":[{"embeddable":true,"href":"http:\/\/www.cudecoop.coop\/cudecoop\/wp-json\/wp\/v2\/media\/3868"}],"wp:attachment":[{"href":"http:\/\/www.cudecoop.coop\/cudecoop\/wp-json\/wp\/v2\/media?parent=3863"}],"wp:term":[{"taxonomy":"category","embeddable":true,"href":"http:\/\/www.cudecoop.coop\/cudecoop\/wp-json\/wp\/v2\/categories?post=3863"},{"taxonomy":"post_tag","embeddable":true,"href":"http:\/\/www.cudecoop.coop\/cudecoop\/wp-json\/wp\/v2\/tags?post=3863"}],"curies":[{"name":"wp","href":"https:\/\/api.w.org\/{rel}","templated":true}]}}