{"id":3860,"date":"2022-06-24T22:40:38","date_gmt":"2022-06-24T22:40:38","guid":{"rendered":"http:\/\/www.cudecoop.coop\/cudecoop\/?p=3860"},"modified":"2022-07-02T00:29:21","modified_gmt":"2022-07-02T00:29:21","slug":"dia-de-las-cooperativas-2022","status":"publish","type":"post","link":"http:\/\/www.cudecoop.coop\/cudecoop\/dia-de-las-cooperativas-2022\/","title":{"rendered":"D\u00eda de las cooperativas 2022"},"content":{"rendered":"<p>Con el lema internacional &#8220;Las cooperativas construyen un mundo mejor&#8221;, celebramos este a\u00f1o, como cada primer s\u00e1bado de julio, el D\u00eda internacional de las cooperativas, #Coopsday.&nbsp;<\/p>\n<p>La celebraci\u00f3n se realiza el s\u00e1bado 2 de julio a las 11 h en la plaza del Cooperativismo en Tacuaremb\u00f3,&nbsp; Capital nacional del cooperativismo 2022.<\/p>\n<p>La actividad contar\u00e1 con la presencia de las siguientes autoridades:&nbsp;<\/p>\n<p>\u00c1lvaro Delgado (secreatario de Presidencia); Wilson Ezquerra (intendente de Tacuaremb\u00f3); Mart\u00edn Fern\u00e1ndez (presidente de Inacoop); Alicia Maneiro (presidenta de Cudecoop); y Mar\u00eda Pastorini (Mesa intercooperativa de Tacuaremb\u00f3).<\/p>\n<p>Plaza del cooperativismo: Boulevar Rodr\u00edguez Correa entre Wilson Ferreira y L\u00edber Seregni.&nbsp;<\/p>\n<p>&nbsp;<\/p>\n<p>&nbsp;<\/p>\n","protected":false},"excerpt":{"rendered":"<p>Con el lema internacional &#8220;Las cooperativas construyen un mundo mejor&#8221;, celebramos este a\u00f1o, como cada primer s\u00e1bado de julio, el D\u00eda internacional de las cooperativas, #Coopsday.&nbsp; La celebraci\u00f3n se realiza el s\u00e1bado 2 de julio a las 11 h en la plaza del Cooperativismo en Tacuaremb\u00f3,&nbsp; Capital nacional del cooperativismo 2022. La actividad contar\u00e1 con la presencia de las siguientes autoridades:&nbsp; \u00c1lvaro Delgado (secreatario de Presidencia); Wilson Ezquerra (intendente de Tacuaremb\u00f3); Mart\u00edn Fern\u00e1ndez (presidente de Inacoop); Alicia Maneiro (presidenta de Cudecoop); y Mar\u00eda Pastorini (Mesa intercooperativa de Tacuaremb\u00f3). Plaza del cooperativismo: Boulevar Rodr\u00edguez Correa entre Wilson Ferreira y L\u00edber Seregni.&nbsp; [&#8230;]<\/p>\n","protected":false},"author":27,"featured_media":3861,"comment_status":"open","ping_status":"open","sticky":false,"template":"","format":"standard","meta":{"_acf_changed":false,"ngg_post_thumbnail":0,"footnotes":""},"categories":[7,6,1],"tags":[],"class_list":["post-3860","post","type-post","status-publish","format-standard","has-post-thumbnail","hentry","category-cooperativas","category-institucionales","category-noticias"],"acf":[],"_links":{"self":[{"href":"http:\/\/www.cudecoop.coop\/cudecoop\/wp-json\/wp\/v2\/posts\/3860","targetHints":{"allow":["GET"]}}],"collection":[{"href":"http:\/\/www.cudecoop.coop\/cudecoop\/wp-json\/wp\/v2\/posts"}],"about":[{"href":"http:\/\/www.cudecoop.coop\/cudecoop\/wp-json\/wp\/v2\/types\/post"}],"author":[{"embeddable":true,"href":"http:\/\/www.cudecoop.coop\/cudecoop\/wp-json\/wp\/v2\/users\/27"}],"replies":[{"embeddable":true,"href":"http:\/\/www.cudecoop.coop\/cudecoop\/wp-json\/wp\/v2\/comments?post=3860"}],"version-history":[{"count":1,"href":"http:\/\/www.cudecoop.coop\/cudecoop\/wp-json\/wp\/v2\/posts\/3860\/revisions"}],"predecessor-version":[{"id":3862,"href":"http:\/\/www.cudecoop.coop\/cudecoop\/wp-json\/wp\/v2\/posts\/3860\/revisions\/3862"}],"wp:featuredmedia":[{"embeddable":true,"href":"http:\/\/www.cudecoop.coop\/cudecoop\/wp-json\/wp\/v2\/media\/3861"}],"wp:attachment":[{"href":"http:\/\/www.cudecoop.coop\/cudecoop\/wp-json\/wp\/v2\/media?parent=3860"}],"wp:term":[{"taxonomy":"category","embeddable":true,"href":"http:\/\/www.cudecoop.coop\/cudecoop\/wp-json\/wp\/v2\/categories?post=3860"},{"taxonomy":"post_tag","embeddable":true,"href":"http:\/\/www.cudecoop.coop\/cudecoop\/wp-json\/wp\/v2\/tags?post=3860"}],"curies":[{"name":"wp","href":"https:\/\/api.w.org\/{rel}","templated":true}]}}