{"id":3849,"date":"2022-06-08T17:24:53","date_gmt":"2022-06-08T17:24:53","guid":{"rendered":"http:\/\/www.cudecoop.coop\/cudecoop\/?p=3849"},"modified":"2022-06-08T18:05:11","modified_gmt":"2022-06-08T18:05:11","slug":"expo-uruguay-sostenible","status":"publish","type":"post","link":"http:\/\/www.cudecoop.coop\/cudecoop\/expo-uruguay-sostenible\/","title":{"rendered":"Expo Uruguay sostenible"},"content":{"rendered":"<p>Entre los d\u00edas 10 y 12 de junio se realiza en Montevideo la Expo Uruguay sostenible, impulsada por el Ministerio de Ambiente, desde CUDECOOP seremos parte con un stand y participaci\u00f3n en los espacios de conferencias.&nbsp;<\/p>\n<p>El s\u00e1bado 11 de junio, organizamos una mesa especial, junto a FCPU, sobre <strong>Empleos verdes y cooperativas<\/strong>, a las 17h, en la carpa A. Ver programa:<\/p>\n<p><a href=\"http:\/\/www.cudecoop.coop\/cudecoop\/wp-content\/uploads\/2022\/06\/Programa-Medio-Ambiente-1106.pdf\">Programa Empleos verdes y cooperativas&nbsp;<\/a><\/p>\n<p>Nuestra presidenta Alicia Maneiro expondr\u00e1 en el panel <strong>Participaci\u00f3n ciudadana y medio ambiente,&nbsp;<\/strong>el domingo 12 a las 13h.&nbsp;<\/p>\n<p>Adem\u00e1s acompa\u00f1aremos el evento desde un stand institucional que busca visibilizar las acciones cooperativas por el Desarrollo sostenible, en el marco del programa Movimiento cooperativo por Uruguay sostenible, que impulsa Cudecoop junto a sus socias CAF, CCU, CNFR, FCPU y FUCC, con el co-financiamiento de Uni\u00f3n Europea.&nbsp;&nbsp;<\/p>\n<p>&nbsp;<\/p>\n<p><a href=\"http:\/\/expouruguaysostenible.gub.uy\">M\u00e1s informaci\u00f3n aqu\u00ed<\/a><\/p>\n","protected":false},"excerpt":{"rendered":"<p>Entre los d\u00edas 10 y 12 de junio se realiza en Montevideo la Expo Uruguay sostenible, impulsada por el Ministerio de Ambiente, desde CUDECOOP seremos parte con un stand y participaci\u00f3n en los espacios de conferencias.&nbsp; El s\u00e1bado 11 de junio, organizamos una mesa especial, junto a FCPU, sobre Empleos verdes y cooperativas, a las 17h, en la carpa A. Ver programa: Programa Empleos verdes y cooperativas&nbsp; Nuestra presidenta Alicia Maneiro expondr\u00e1 en el panel Participaci\u00f3n ciudadana y medio ambiente,&nbsp;el domingo 12 a las 13h.&nbsp; Adem\u00e1s acompa\u00f1aremos el evento desde un stand institucional que busca visibilizar las acciones cooperativas por [&#8230;]<\/p>\n","protected":false},"author":27,"featured_media":3855,"comment_status":"open","ping_status":"open","sticky":false,"template":"","format":"standard","meta":{"_acf_changed":false,"ngg_post_thumbnail":0,"footnotes":""},"categories":[7,6,1],"tags":[],"class_list":["post-3849","post","type-post","status-publish","format-standard","has-post-thumbnail","hentry","category-cooperativas","category-institucionales","category-noticias"],"acf":[],"_links":{"self":[{"href":"http:\/\/www.cudecoop.coop\/cudecoop\/wp-json\/wp\/v2\/posts\/3849","targetHints":{"allow":["GET"]}}],"collection":[{"href":"http:\/\/www.cudecoop.coop\/cudecoop\/wp-json\/wp\/v2\/posts"}],"about":[{"href":"http:\/\/www.cudecoop.coop\/cudecoop\/wp-json\/wp\/v2\/types\/post"}],"author":[{"embeddable":true,"href":"http:\/\/www.cudecoop.coop\/cudecoop\/wp-json\/wp\/v2\/users\/27"}],"replies":[{"embeddable":true,"href":"http:\/\/www.cudecoop.coop\/cudecoop\/wp-json\/wp\/v2\/comments?post=3849"}],"version-history":[{"count":3,"href":"http:\/\/www.cudecoop.coop\/cudecoop\/wp-json\/wp\/v2\/posts\/3849\/revisions"}],"predecessor-version":[{"id":3854,"href":"http:\/\/www.cudecoop.coop\/cudecoop\/wp-json\/wp\/v2\/posts\/3849\/revisions\/3854"}],"wp:featuredmedia":[{"embeddable":true,"href":"http:\/\/www.cudecoop.coop\/cudecoop\/wp-json\/wp\/v2\/media\/3855"}],"wp:attachment":[{"href":"http:\/\/www.cudecoop.coop\/cudecoop\/wp-json\/wp\/v2\/media?parent=3849"}],"wp:term":[{"taxonomy":"category","embeddable":true,"href":"http:\/\/www.cudecoop.coop\/cudecoop\/wp-json\/wp\/v2\/categories?post=3849"},{"taxonomy":"post_tag","embeddable":true,"href":"http:\/\/www.cudecoop.coop\/cudecoop\/wp-json\/wp\/v2\/tags?post=3849"}],"curies":[{"name":"wp","href":"https:\/\/api.w.org\/{rel}","templated":true}]}}