{"id":3843,"date":"2022-06-07T16:14:27","date_gmt":"2022-06-07T16:14:27","guid":{"rendered":"http:\/\/www.cudecoop.coop\/cudecoop\/?p=3843"},"modified":"2022-06-07T16:48:07","modified_gmt":"2022-06-07T16:48:07","slug":"encuentro-regional-de-cooperativas-de-artigas-paysandu-rio-negro-y-salto","status":"publish","type":"post","link":"http:\/\/www.cudecoop.coop\/cudecoop\/encuentro-regional-de-cooperativas-de-artigas-paysandu-rio-negro-y-salto\/","title":{"rendered":"Encuentro regional de cooperativas de Artigas, Paysand\u00fa, R\u00edo Negro y Salto"},"content":{"rendered":"<p>S\u00e1bado 18 de junio, 8h en Palacio C\u00f3rdoba,<br \/>\nIntendencia de Salto o virtual.<\/p>\n<p>En el marco de la celebraci\u00f3n de los 20 a\u00f1os de la Recomendaci\u00f3n<br \/>\n193 de la OIT para la promoci\u00f3n de las cooperativas, se realiza el<br \/>\n5to Encuentro nacional el pr\u00f3ximo mes de agosto en Montevideo.<br \/>\nCon tal motivo nos encontramos el s\u00e1bado 18 de junio para trabajar<br \/>\ny aportar a los ejes desde la perspectiva de las cooperativas de<br \/>\nArtigas, Paysand\u00fa, R\u00edo Negro y Salto.<br \/>\nLa actividad se realiza de forma presencial en Salto, y tambi\u00e9n se<br \/>\npodr\u00e1 participar de forma virtual para quienes as\u00ed lo prefieran y sean<br \/>\nde los departamentos mencionados.&nbsp;<\/p>\n<p>Presencial: 8 a 13h en Palacio C\u00f3rdoba, Intendencia de Salto, calle<br \/>\nUruguay 202<\/p>\n<p>Virtual por zoom:<\/p>\n<p>ID de reuni\u00f3n: 818 9782 9291<br \/>\nC\u00f3digo de acceso: 903438<\/p>\n<p>Usar enlace de conexi\u00f3n:&nbsp;https:\/\/us06web.zoom.us\/j\/81897829291?pwd=ekQ1VEUzQlArMzIvSFRJV29SdVdTdz09<\/p>\n<p><a href=\"https:\/\/docs.google.com\/forms\/d\/e\/1FAIpQLSe9Pv5k_o1csleJSHYHPPhLs4kOH0XjBqA--qPbIv4PK699mw\/viewform\">Inscribite para participar<\/a>&nbsp;<\/p>\n","protected":false},"excerpt":{"rendered":"<p>S\u00e1bado 18 de junio, 8h en Palacio C\u00f3rdoba,<br \/> Intendencia de Salto o virtual. En el marco de la celebraci\u00f3n de los 20 a\u00f1os de la Recomendaci\u00f3n<br \/> 193 de la OIT para la promoci\u00f3n de las cooperativas, se realiza el<br \/> 5to Encuentro nacional el pr\u00f3ximo mes de agosto en Montevideo.<br \/> Con tal motivo nos encontramos el s\u00e1bado 18 de junio para trabajar<br \/> y aportar a los ejes desde la perspectiva de las cooperativas de<br \/> Artigas, Paysand\u00fa, R\u00edo Negro y Salto.<br \/> La actividad se realiza de forma presencial en Salto, y tambi\u00e9n se<br \/> podr\u00e1 [&#8230;]<\/p>\n","protected":false},"author":27,"featured_media":3844,"comment_status":"open","ping_status":"open","sticky":false,"template":"","format":"standard","meta":{"_acf_changed":false,"ngg_post_thumbnail":0,"footnotes":""},"categories":[7,6,1],"tags":[],"class_list":["post-3843","post","type-post","status-publish","format-standard","has-post-thumbnail","hentry","category-cooperativas","category-institucionales","category-noticias"],"acf":[],"_links":{"self":[{"href":"http:\/\/www.cudecoop.coop\/cudecoop\/wp-json\/wp\/v2\/posts\/3843","targetHints":{"allow":["GET"]}}],"collection":[{"href":"http:\/\/www.cudecoop.coop\/cudecoop\/wp-json\/wp\/v2\/posts"}],"about":[{"href":"http:\/\/www.cudecoop.coop\/cudecoop\/wp-json\/wp\/v2\/types\/post"}],"author":[{"embeddable":true,"href":"http:\/\/www.cudecoop.coop\/cudecoop\/wp-json\/wp\/v2\/users\/27"}],"replies":[{"embeddable":true,"href":"http:\/\/www.cudecoop.coop\/cudecoop\/wp-json\/wp\/v2\/comments?post=3843"}],"version-history":[{"count":3,"href":"http:\/\/www.cudecoop.coop\/cudecoop\/wp-json\/wp\/v2\/posts\/3843\/revisions"}],"predecessor-version":[{"id":3847,"href":"http:\/\/www.cudecoop.coop\/cudecoop\/wp-json\/wp\/v2\/posts\/3843\/revisions\/3847"}],"wp:featuredmedia":[{"embeddable":true,"href":"http:\/\/www.cudecoop.coop\/cudecoop\/wp-json\/wp\/v2\/media\/3844"}],"wp:attachment":[{"href":"http:\/\/www.cudecoop.coop\/cudecoop\/wp-json\/wp\/v2\/media?parent=3843"}],"wp:term":[{"taxonomy":"category","embeddable":true,"href":"http:\/\/www.cudecoop.coop\/cudecoop\/wp-json\/wp\/v2\/categories?post=3843"},{"taxonomy":"post_tag","embeddable":true,"href":"http:\/\/www.cudecoop.coop\/cudecoop\/wp-json\/wp\/v2\/tags?post=3843"}],"curies":[{"name":"wp","href":"https:\/\/api.w.org\/{rel}","templated":true}]}}