{"id":3835,"date":"2022-05-31T18:36:01","date_gmt":"2022-05-31T18:36:01","guid":{"rendered":"http:\/\/www.cudecoop.coop\/cudecoop\/?p=3835"},"modified":"2022-05-31T18:36:01","modified_gmt":"2022-05-31T18:36:01","slug":"compras-publicas-para-cooperativas","status":"publish","type":"post","link":"http:\/\/www.cudecoop.coop\/cudecoop\/compras-publicas-para-cooperativas\/","title":{"rendered":"Compras p\u00fablicas para cooperativas"},"content":{"rendered":"<div>En el marco de la discusi\u00f3n sobre cambios a la legislaci\u00f3n cooperativa que realiza el Consejo Directivo de CUDECOOP, invitamos a una actividad sobre compras p\u00fablicas para las cooperativas. Con el objetivo de generar insumos para la formulaci\u00f3n de una norma que habilite las compras p\u00fablicas del sector cooperativo.&nbsp;<\/div>\n<div>&nbsp;<\/div>\n<div>Contaremos con la participaci\u00f3n y exposici\u00f3n de:&nbsp;<\/div>\n<div>Jos\u00e9 Saavedra (fundador de la Agencia de compras p\u00fablicas del Estado) &#8211; Importancia de las pol\u00edticas p\u00fablicas como instrumento de promoci\u00f3n&nbsp;<\/div>\n<div>&nbsp;<\/div>\n<div>Sergio Reyes &#8211; Qu\u00e9 hay y qu\u00e9 falta en las normas para las compras p\u00fablicas en las cooperativas<\/div>\n<div>&nbsp;<\/div>\n<div>Diego Moreno &#8211; Repaso y perspectiva de las iniciativas legislativas para las compras p\u00fablicas&nbsp;cooperativas<\/div>\n<div>&nbsp;<\/div>\n<div>&nbsp;<\/div>\n<div>Viernes 3 de junio a las 17h por zoom.&nbsp;<\/div>\n<div>Conexi\u00f3n:<\/div>\n<div>&nbsp;<\/div>\n<div>ID de reuni\u00f3n: 837 5146 9385<br \/>\nC\u00f3digo de acceso: 463813<br \/>\nEncuentre su n\u00famero local: https:\/\/us02web.zoom.us\/u\/kQG51MDVp<\/div>\n","protected":false},"excerpt":{"rendered":"<p>En el marco de la discusi\u00f3n sobre cambios a la legislaci\u00f3n cooperativa que realiza el Consejo Directivo de CUDECOOP, invitamos a una actividad sobre compras p\u00fablicas para las cooperativas. Con el objetivo de generar insumos para la formulaci\u00f3n de una norma que habilite las compras p\u00fablicas del sector cooperativo.&nbsp; &nbsp; Contaremos con la participaci\u00f3n y exposici\u00f3n de:&nbsp; Jos\u00e9 Saavedra (fundador de la Agencia de compras p\u00fablicas del Estado) &#8211; Importancia de las pol\u00edticas p\u00fablicas como instrumento de promoci\u00f3n&nbsp; &nbsp; Sergio Reyes &#8211; Qu\u00e9 hay y qu\u00e9 falta en las normas para las compras p\u00fablicas en las cooperativas &nbsp; Diego Moreno [&#8230;]<\/p>\n","protected":false},"author":27,"featured_media":3836,"comment_status":"open","ping_status":"open","sticky":false,"template":"","format":"standard","meta":{"_acf_changed":false,"ngg_post_thumbnail":0,"footnotes":""},"categories":[7,6],"tags":[],"class_list":["post-3835","post","type-post","status-publish","format-standard","has-post-thumbnail","hentry","category-cooperativas","category-institucionales"],"acf":[],"_links":{"self":[{"href":"http:\/\/www.cudecoop.coop\/cudecoop\/wp-json\/wp\/v2\/posts\/3835","targetHints":{"allow":["GET"]}}],"collection":[{"href":"http:\/\/www.cudecoop.coop\/cudecoop\/wp-json\/wp\/v2\/posts"}],"about":[{"href":"http:\/\/www.cudecoop.coop\/cudecoop\/wp-json\/wp\/v2\/types\/post"}],"author":[{"embeddable":true,"href":"http:\/\/www.cudecoop.coop\/cudecoop\/wp-json\/wp\/v2\/users\/27"}],"replies":[{"embeddable":true,"href":"http:\/\/www.cudecoop.coop\/cudecoop\/wp-json\/wp\/v2\/comments?post=3835"}],"version-history":[{"count":1,"href":"http:\/\/www.cudecoop.coop\/cudecoop\/wp-json\/wp\/v2\/posts\/3835\/revisions"}],"predecessor-version":[{"id":3837,"href":"http:\/\/www.cudecoop.coop\/cudecoop\/wp-json\/wp\/v2\/posts\/3835\/revisions\/3837"}],"wp:featuredmedia":[{"embeddable":true,"href":"http:\/\/www.cudecoop.coop\/cudecoop\/wp-json\/wp\/v2\/media\/3836"}],"wp:attachment":[{"href":"http:\/\/www.cudecoop.coop\/cudecoop\/wp-json\/wp\/v2\/media?parent=3835"}],"wp:term":[{"taxonomy":"category","embeddable":true,"href":"http:\/\/www.cudecoop.coop\/cudecoop\/wp-json\/wp\/v2\/categories?post=3835"},{"taxonomy":"post_tag","embeddable":true,"href":"http:\/\/www.cudecoop.coop\/cudecoop\/wp-json\/wp\/v2\/tags?post=3835"}],"curies":[{"name":"wp","href":"https:\/\/api.w.org\/{rel}","templated":true}]}}