{"id":3821,"date":"2022-05-17T19:30:14","date_gmt":"2022-05-17T19:30:14","guid":{"rendered":"http:\/\/www.cudecoop.coop\/cudecoop\/?p=3821"},"modified":"2022-05-25T15:44:03","modified_gmt":"2022-05-25T15:44:03","slug":"economia-verde-y-cooperativismo-en-uruguay-y-europa","status":"publish","type":"post","link":"http:\/\/www.cudecoop.coop\/cudecoop\/economia-verde-y-cooperativismo-en-uruguay-y-europa\/","title":{"rendered":"Econom\u00eda verde y cooperativismo en Uruguay y Europa"},"content":{"rendered":"<p>Movimiento cooperativo por Uruguay sostenible invita a la transmisi\u00f3n en vivo del evento Econom\u00eda verde y cooperativismo, este jueves 26 de mayo de 10 a 12h.<\/p>\n<p>En el marco de la celebraci\u00f3n del mes de Europa, invitamos a compartir con el sector cooperativo las prioridades de la Uni\u00f3n Europea y Uruguay en materia de desarrollo sustentable.&nbsp; Adem\u00e1s los desaf\u00edos y oportunidades que ello representa para el movimiento cooperativo, e intercambiar sobre algunas experiencias.&nbsp;<\/p>\n<p>Movimiento cooperativo por Uruguay sostenible es un proyecto impulsado por CUDECOOP, junto a sus socias&nbsp; CCU, CAF, CNFR, FUCC y FCPU, con el co &#8211; financiamiento de Uni\u00f3n Europea.&nbsp;<\/p>\n<p><a href=\"https:\/\/www.youtube.com\/watch?v=XP22es87vV4\">ENLACE DE CONEXI\u00d3N<\/a><\/p>\n<p><strong>Programa<\/strong>:<\/p>\n<p><strong>10:00&nbsp;&nbsp;&nbsp; Mesa institucional de apertura <\/strong><\/p>\n<ul>\n<li>Embajador de la Uni\u00f3n Europea en Uruguay, Paolo Berizzi<\/li>\n<li>Presidenta de Cooperativa de las Am\u00e9ricas, Graciela Fern\u00e1ndez.<\/li>\n<li>Presidenta de CUDECOOP, Alicia Maneiro.<\/li>\n<li>Ministro de Ambiente, Adri\u00e1n Pe\u00f1a.<\/li>\n<\/ul>\n<p>&nbsp;<\/p>\n<p><strong>10:30&nbsp;&nbsp;&nbsp; El compromiso de Europa y Uruguay con el desarrollo sustentable.<\/strong><\/p>\n<p>Moderador Ing. Agr. Mag. Gabriel Isola, Coordinador General CUDECOOP.<\/p>\n<ul>\n<li>Las prioridades del Plan Nal. Ambiental- Desaf\u00edos y oportunidades para el movimiento cooperativo. Ing. Qu\u00edmico Juan Pablo Peregalli, Gerente del \u00c1rea de Control y Desempe\u00f1o Ambiental de la Direcci\u00f3n Nacional de Calidad y Evaluaci\u00f3n Ambiental del Ministerio de Ambiente.<\/li>\n<li>El Pacto Verde Europeo. Markus Handke, Jefe de Cooperaci\u00f3n de la Uni\u00f3n Europea en Uruguay.<\/li>\n<li>Comentarios\/ espacio para responder consultas.<\/li>\n<\/ul>\n<p>&nbsp;<\/p>\n<ul>\n<li><strong>11:00&nbsp;&nbsp;&nbsp; Grandes encuentros: Econom\u00eda Social y Econom\u00eda Verde. Desaf\u00edos y oportunidades para el sector cooperativo.<\/strong>Desaf\u00edos y experiencias en Europa de promoci\u00f3n de la econom\u00eda verde en el sector cooperativo. Director regional de la Alianza Cooperativa Internacional, Danilo Salerno.&nbsp;\n<p>Las experiencias del cooperativismo uruguayo:<\/p>\n<p>Cooperativa JUMECAL, Control integrado de plagas en frutales. Luis Frachia, Gerente de las Cooperativas Agrarias Federadas.<\/p>\n<p>Cooperativa LA PALOMA, Proyecto \u201cEmpleo Verde&#8221;: reciclaje y valorizaci\u00f3n de productos. Marisol Fuentes, Presidenta de la Federaci\u00f3n de Cooperativas de Producci\u00f3n del Uruguay.<\/p>\n<p>VERDE &#8211; FUCAC, Cooperativa de ahorro y cr\u00e9dito. Financiamiento a proyectos de econom\u00eda verde. Cesar Bon\u00e9, Director Ejecutivo Fundaci\u00f3n Verde<\/p>\n<p>Espacio para responder consultas\/comentarios.<\/p>\n<p>11.30&nbsp;&nbsp;&nbsp; CUDECOOP El proyecto \u201cMovimiento cooperativo por Uruguay sostenible\u201d. Alejandro Pizzol\u00f3n \u2013 Coordinador proyecto<\/p>\n<p>11:45&nbsp;&nbsp;&nbsp; Conclusiones en la visi\u00f3n del cooperativismo. &nbsp;&nbsp; Ricardo L\u00f3pez Miembro del Comit\u00e9 Ejecutivo Cooperativas de las Am\u00e9ricas.<\/p>\n<p>12:00&nbsp;&nbsp;&nbsp; Cierre de la actividad.<\/li>\n<\/ul>\n","protected":false},"excerpt":{"rendered":"<p>Movimiento cooperativo por Uruguay sostenible invita a la transmisi\u00f3n en vivo del evento Econom\u00eda verde y cooperativismo, este jueves 26 de mayo de 10 a 12h. En el marco de la celebraci\u00f3n del mes de Europa, invitamos a compartir con el sector cooperativo las prioridades de la Uni\u00f3n Europea y Uruguay en materia de desarrollo sustentable.&nbsp; Adem\u00e1s los desaf\u00edos y oportunidades que ello representa para el movimiento cooperativo, e intercambiar sobre algunas experiencias.&nbsp; Movimiento cooperativo por Uruguay sostenible es un proyecto impulsado por CUDECOOP, junto a sus socias&nbsp; CCU, CAF, CNFR, FUCC y FCPU, con el co &#8211; financiamiento de [&#8230;]<\/p>\n","protected":false},"author":27,"featured_media":3822,"comment_status":"open","ping_status":"open","sticky":false,"template":"","format":"standard","meta":{"_acf_changed":false,"ngg_post_thumbnail":0,"footnotes":""},"categories":[7,6,1],"tags":[],"class_list":["post-3821","post","type-post","status-publish","format-standard","has-post-thumbnail","hentry","category-cooperativas","category-institucionales","category-noticias"],"acf":[],"_links":{"self":[{"href":"http:\/\/www.cudecoop.coop\/cudecoop\/wp-json\/wp\/v2\/posts\/3821","targetHints":{"allow":["GET"]}}],"collection":[{"href":"http:\/\/www.cudecoop.coop\/cudecoop\/wp-json\/wp\/v2\/posts"}],"about":[{"href":"http:\/\/www.cudecoop.coop\/cudecoop\/wp-json\/wp\/v2\/types\/post"}],"author":[{"embeddable":true,"href":"http:\/\/www.cudecoop.coop\/cudecoop\/wp-json\/wp\/v2\/users\/27"}],"replies":[{"embeddable":true,"href":"http:\/\/www.cudecoop.coop\/cudecoop\/wp-json\/wp\/v2\/comments?post=3821"}],"version-history":[{"count":6,"href":"http:\/\/www.cudecoop.coop\/cudecoop\/wp-json\/wp\/v2\/posts\/3821\/revisions"}],"predecessor-version":[{"id":3833,"href":"http:\/\/www.cudecoop.coop\/cudecoop\/wp-json\/wp\/v2\/posts\/3821\/revisions\/3833"}],"wp:featuredmedia":[{"embeddable":true,"href":"http:\/\/www.cudecoop.coop\/cudecoop\/wp-json\/wp\/v2\/media\/3822"}],"wp:attachment":[{"href":"http:\/\/www.cudecoop.coop\/cudecoop\/wp-json\/wp\/v2\/media?parent=3821"}],"wp:term":[{"taxonomy":"category","embeddable":true,"href":"http:\/\/www.cudecoop.coop\/cudecoop\/wp-json\/wp\/v2\/categories?post=3821"},{"taxonomy":"post_tag","embeddable":true,"href":"http:\/\/www.cudecoop.coop\/cudecoop\/wp-json\/wp\/v2\/tags?post=3821"}],"curies":[{"name":"wp","href":"https:\/\/api.w.org\/{rel}","templated":true}]}}