{"id":3813,"date":"2022-05-11T15:19:11","date_gmt":"2022-05-11T15:19:11","guid":{"rendered":"http:\/\/www.cudecoop.coop\/cudecoop\/?p=3813"},"modified":"2022-05-11T15:21:04","modified_gmt":"2022-05-11T15:21:04","slug":"llamado-abierto-para-asesor-legal-de-cudecoop","status":"publish","type":"post","link":"http:\/\/www.cudecoop.coop\/cudecoop\/llamado-abierto-para-asesor-legal-de-cudecoop\/","title":{"rendered":"Llamado abierto para Asesor legal de CUDECOOP"},"content":{"rendered":"<p>Abierto hasta el martes 31 de mayo de 2022.<br \/>\nENVIAR POSTULACI\u00d3N CON C.V. a cudecoop@cudecoop.coop<\/p>\n<p>La presente convocatoria est\u00e1 dirigida a cubrir el puesto de Asesor Legal de la<br \/>\nCONFEDERACI\u00d3N URUGUAYA DE ENTIDADES COOPERATIVAS (CUDECOOP).<\/p>\n<p>SERVICIOS REQUERIDOS:<br \/>\nLos servicios profesionales a ser contratados incluyen:<br \/>\n&#8211; Asesoramiento a los \u00f3rganos de direcci\u00f3n de CUDECOOP (Asamblea, Consejo Directivo y Comit\u00e9 Ejecutivo) en relaci\u00f3n a los aspectos jur\u00eddicos que hacen al&nbsp;marco de desempe\u00f1o de las organizaciones cooperativas en el pa\u00eds.<br \/>\n&#8211; Asesoramiento al equipo de direcci\u00f3n por la Econom\u00eda Social en el Directorio del&nbsp;INEFOP.<br \/>\n&#8211; Asesoramiento a los equipos de delegados en otros organismos.<br \/>\n&#8211; Asesoramiento al equipo t\u00e9cnico y administrativo de la Confederaci\u00f3n.<br \/>\n&#8211; Asesoramiento a los \u00f3rganos pol\u00edticos y equipo t\u00e9cnico de CUDECOOP en<br \/>\nrelaci\u00f3n a la interpretaci\u00f3n de Estatutos y Reglamentos internos.<br \/>\n&#8211; Dinamizaci\u00f3n del Grupo de Referentes Legales del Movimiento Cooperativo.<\/p>\n<p>&nbsp;<\/p>\n<p>Ver T\u00e9rminos de Referencia:<\/p>\n<p><a href=\"http:\/\/www.cudecoop.coop\/cudecoop\/wp-content\/uploads\/2022\/05\/TDR-Asesor-Legal-CUDECOOP.pdf\">TDR Asesor Legal CUDECOOP<\/a><\/p>\n","protected":false},"excerpt":{"rendered":"<p>Abierto hasta el martes 31 de mayo de 2022.<br \/> ENVIAR POSTULACI\u00d3N CON C.V. a cudecoop@cudecoop.coop La presente convocatoria est\u00e1 dirigida a cubrir el puesto de Asesor Legal de la<br \/> CONFEDERACI\u00d3N URUGUAYA DE ENTIDADES COOPERATIVAS (CUDECOOP). SERVICIOS REQUERIDOS:<br \/> Los servicios profesionales a ser contratados incluyen:<br \/> &#8211; Asesoramiento a los \u00f3rganos de direcci\u00f3n de CUDECOOP (Asamblea, Consejo Directivo y Comit\u00e9 Ejecutivo) en relaci\u00f3n a los aspectos jur\u00eddicos que hacen al&nbsp;marco de desempe\u00f1o de las organizaciones cooperativas en el pa\u00eds.<br \/> &#8211; Asesoramiento al equipo de direcci\u00f3n por la Econom\u00eda Social en el Directorio del&nbsp;INEFOP.<br \/> &#8211; Asesoramiento a [&#8230;]<\/p>\n","protected":false},"author":27,"featured_media":0,"comment_status":"open","ping_status":"open","sticky":false,"template":"","format":"standard","meta":{"_acf_changed":false,"ngg_post_thumbnail":0,"footnotes":""},"categories":[7,6,1],"tags":[],"class_list":["post-3813","post","type-post","status-publish","format-standard","hentry","category-cooperativas","category-institucionales","category-noticias"],"acf":[],"_links":{"self":[{"href":"http:\/\/www.cudecoop.coop\/cudecoop\/wp-json\/wp\/v2\/posts\/3813","targetHints":{"allow":["GET"]}}],"collection":[{"href":"http:\/\/www.cudecoop.coop\/cudecoop\/wp-json\/wp\/v2\/posts"}],"about":[{"href":"http:\/\/www.cudecoop.coop\/cudecoop\/wp-json\/wp\/v2\/types\/post"}],"author":[{"embeddable":true,"href":"http:\/\/www.cudecoop.coop\/cudecoop\/wp-json\/wp\/v2\/users\/27"}],"replies":[{"embeddable":true,"href":"http:\/\/www.cudecoop.coop\/cudecoop\/wp-json\/wp\/v2\/comments?post=3813"}],"version-history":[{"count":2,"href":"http:\/\/www.cudecoop.coop\/cudecoop\/wp-json\/wp\/v2\/posts\/3813\/revisions"}],"predecessor-version":[{"id":3816,"href":"http:\/\/www.cudecoop.coop\/cudecoop\/wp-json\/wp\/v2\/posts\/3813\/revisions\/3816"}],"wp:attachment":[{"href":"http:\/\/www.cudecoop.coop\/cudecoop\/wp-json\/wp\/v2\/media?parent=3813"}],"wp:term":[{"taxonomy":"category","embeddable":true,"href":"http:\/\/www.cudecoop.coop\/cudecoop\/wp-json\/wp\/v2\/categories?post=3813"},{"taxonomy":"post_tag","embeddable":true,"href":"http:\/\/www.cudecoop.coop\/cudecoop\/wp-json\/wp\/v2\/tags?post=3813"}],"curies":[{"name":"wp","href":"https:\/\/api.w.org\/{rel}","templated":true}]}}