{"id":3808,"date":"2022-05-11T13:41:33","date_gmt":"2022-05-11T13:41:33","guid":{"rendered":"http:\/\/www.cudecoop.coop\/cudecoop\/?p=3808"},"modified":"2022-05-17T20:03:59","modified_gmt":"2022-05-17T20:03:59","slug":"encuentro-regional-de-cooperativas-de-florida-durazno-lavalleja-maldonado-rocha-y-canelones","status":"publish","type":"post","link":"http:\/\/www.cudecoop.coop\/cudecoop\/encuentro-regional-de-cooperativas-de-florida-durazno-lavalleja-maldonado-rocha-y-canelones\/","title":{"rendered":"Encuentro regional de cooperativas de Florida, Durazno, Lavalleja, Maldonado, Rocha y Canelones."},"content":{"rendered":"<p>S\u00e1bado 21 de mayo, 8h en COOEDUCA &#8211; Liceo Nuestra Se\u00f1ora de Guadalupe (Canelones) o virtual.<\/p>\n<p>En el marco de la celebraci\u00f3n de los 20 a\u00f1os de la Recomendaci\u00f3n 193 de la OIT para la promoci\u00f3n de las cooperativas, se realiza el 5to Encuentro nacional el pr\u00f3ximo mes de agosto en Montevideo.<\/p>\n<p>Con tal motivo nos encontramos el s\u00e1bado 21 de mayo para trabajar y aportar a los ejes desde la perspectiva de las cooperativas de Florida, Durazno, Lavalleja, Maldonado, Rocha y Canelones.<\/p>\n<p>La actividad se realiza de forma presencial en Canelones, y tambi\u00e9n se podr\u00e1 participar de forma virtual para quienes as\u00ed lo prefieran y sean de los departamentos mencionados.&nbsp;<\/p>\n<p><a href=\"https:\/\/docs.google.com\/forms\/d\/e\/1FAIpQLSe78CSQE3SHHl0btm_9tZVV7UQgPtrI1zqWICABuo0aVxEGVA\/viewform\">INSCRIPCIONES AQU\u00cd<\/a><\/p>\n<p><a href=\"http:\/\/www.cudecoop.coop\/cudecoop\/wp-content\/uploads\/2022\/05\/programa-Canelones-21_5_22.pdf\">Programa Canelones 21_5_22<\/a><\/p>\n<p><strong>Presencial:<\/strong> 8 a 13h en Cooeduca Liceo Nuestra Se\u00f1ora de Guadalupe: Batlle y Ordo\u00f1ez 647 (Canelones)<\/p>\n<p><strong>Virtual:&nbsp;&nbsp;<\/strong>Unirse a la reuni\u00f3n Zoom<\/p>\n<p style=\"font-weight: 400;\"><a href=\"https:\/\/us06web.zoom.us\/j\/86504372607?pwd=KzZ1OVlqdEZxTEVmN2hhNDBqTmdQQT09\" data-saferedirecturl=\"https:\/\/www.google.com\/url?q=https:\/\/us06web.zoom.us\/j\/86504372607?pwd%3DKzZ1OVlqdEZxTEVmN2hhNDBqTmdQQT09&amp;source=gmail&amp;ust=1652363596384000&amp;usg=AOvVaw3_lRTd5q3myQ11Ndn85V3v\">https:\/\/us06web.zoom.us\/j\/86504372607?pwd=KzZ1OVlqdEZxTEVmN2hhNDBqTmdQQT09<\/a><\/p>\n<p style=\"font-weight: 400;\">ID de reuni\u00f3n: 865 0437 2607<\/p>\n<p style=\"font-weight: 400;\">C\u00f3digo de acceso: 817398<\/p>\n","protected":false},"excerpt":{"rendered":"<p>S\u00e1bado 21 de mayo, 8h en COOEDUCA &#8211; Liceo Nuestra Se\u00f1ora de Guadalupe (Canelones) o virtual. En el marco de la celebraci\u00f3n de los 20 a\u00f1os de la Recomendaci\u00f3n 193 de la OIT para la promoci\u00f3n de las cooperativas, se realiza el 5to Encuentro nacional el pr\u00f3ximo mes de agosto en Montevideo. Con tal motivo nos encontramos el s\u00e1bado 21 de mayo para trabajar y aportar a los ejes desde la perspectiva de las cooperativas de Florida, Durazno, Lavalleja, Maldonado, Rocha y Canelones. La actividad se realiza de forma presencial en Canelones, y tambi\u00e9n se podr\u00e1 participar de forma virtual [&#8230;]<\/p>\n","protected":false},"author":27,"featured_media":3809,"comment_status":"open","ping_status":"open","sticky":false,"template":"","format":"standard","meta":{"_acf_changed":false,"ngg_post_thumbnail":0,"footnotes":""},"categories":[7,6,1],"tags":[],"class_list":["post-3808","post","type-post","status-publish","format-standard","has-post-thumbnail","hentry","category-cooperativas","category-institucionales","category-noticias"],"acf":[],"_links":{"self":[{"href":"http:\/\/www.cudecoop.coop\/cudecoop\/wp-json\/wp\/v2\/posts\/3808","targetHints":{"allow":["GET"]}}],"collection":[{"href":"http:\/\/www.cudecoop.coop\/cudecoop\/wp-json\/wp\/v2\/posts"}],"about":[{"href":"http:\/\/www.cudecoop.coop\/cudecoop\/wp-json\/wp\/v2\/types\/post"}],"author":[{"embeddable":true,"href":"http:\/\/www.cudecoop.coop\/cudecoop\/wp-json\/wp\/v2\/users\/27"}],"replies":[{"embeddable":true,"href":"http:\/\/www.cudecoop.coop\/cudecoop\/wp-json\/wp\/v2\/comments?post=3808"}],"version-history":[{"count":4,"href":"http:\/\/www.cudecoop.coop\/cudecoop\/wp-json\/wp\/v2\/posts\/3808\/revisions"}],"predecessor-version":[{"id":3827,"href":"http:\/\/www.cudecoop.coop\/cudecoop\/wp-json\/wp\/v2\/posts\/3808\/revisions\/3827"}],"wp:featuredmedia":[{"embeddable":true,"href":"http:\/\/www.cudecoop.coop\/cudecoop\/wp-json\/wp\/v2\/media\/3809"}],"wp:attachment":[{"href":"http:\/\/www.cudecoop.coop\/cudecoop\/wp-json\/wp\/v2\/media?parent=3808"}],"wp:term":[{"taxonomy":"category","embeddable":true,"href":"http:\/\/www.cudecoop.coop\/cudecoop\/wp-json\/wp\/v2\/categories?post=3808"},{"taxonomy":"post_tag","embeddable":true,"href":"http:\/\/www.cudecoop.coop\/cudecoop\/wp-json\/wp\/v2\/tags?post=3808"}],"curies":[{"name":"wp","href":"https:\/\/api.w.org\/{rel}","templated":true}]}}