{"id":3795,"date":"2022-04-29T14:01:28","date_gmt":"2022-04-29T14:01:28","guid":{"rendered":"http:\/\/www.cudecoop.coop\/cudecoop\/?p=3795"},"modified":"2022-04-29T15:32:01","modified_gmt":"2022-04-29T15:32:01","slug":"este-1ro-de-mayo-priorizamos-a-las-cooperativas-salud-cooperativistas","status":"publish","type":"post","link":"http:\/\/www.cudecoop.coop\/cudecoop\/este-1ro-de-mayo-priorizamos-a-las-cooperativas-salud-cooperativistas\/","title":{"rendered":"Este 1ro de mayo priorizamos a las cooperativas. \u00a1Salud cooperativistas!"},"content":{"rendered":"<p>En ocasi\u00f3n de la celebraci\u00f3n de un nuevo 1ero de Mayo, D\u00eda Internacional de las y los Trabajadores, desde la Confederaci\u00f3n Uruguaya de Entidades Cooperativas, queremos saludar a todas y todos quienes con su esfuerzo diario construimos un Uruguay m\u00e1s pr\u00f3spero y solidario.<\/p>\n<p>&nbsp;<\/p>\n<p><iframe loading=\"lazy\" title=\"Primero de mayo - Saludo CUDECOOP\" width=\"525\" height=\"295\" src=\"https:\/\/www.youtube.com\/embed\/HXgX7X70s00?feature=oembed\" frameborder=\"0\" allow=\"accelerometer; autoplay; clipboard-write; encrypted-media; gyroscope; picture-in-picture; web-share\" referrerpolicy=\"strict-origin-when-cross-origin\" allowfullscreen><\/iframe><\/p>\n<p>Venimos de dos a\u00f1os muy complejos, en los que se han sumado los efectos del ajuste presupuestal de algunas pol\u00edticas de promoci\u00f3n, con los efectos de una pandemia que gener\u00f3 graves inconvenientes en m\u00faltiples sectores de actividad, en d\u00f3nde muchas cooperativas se vieron afectadas.<br \/>\n&nbsp;<br \/>\nEl movimiento cooperativo uruguayo ha reaccionado defendiendo sus puestos de trabajo, a\u00fan a costa de los ingresos de sus asociadas y asociados, adapt\u00e1ndose a las diversas condiciones que nos ha tocado vivir, postergando proyectos, y sobre todo colaborando con las comunidades que se vieron m\u00e1s afectadas por la crisis.<\/p>\n<p>Una reactivaci\u00f3n que permita la construcci\u00f3n de nuevas y mejores realidades, donde la equidad y solidaridad sean efectivamente fortalecidas, necesita de mayores esfuerzos para priorizar a las cooperativas.<\/p>\n<p>Un Uruguay m\u00e1s sostenible es un Uruguay m\u00e1s cooperativo.<\/p>\n","protected":false},"excerpt":{"rendered":"<p>En ocasi\u00f3n de la celebraci\u00f3n de un nuevo 1ero de Mayo, D\u00eda Internacional de las y los Trabajadores, desde la Confederaci\u00f3n Uruguaya de Entidades Cooperativas, queremos saludar a todas y todos quienes con su esfuerzo diario construimos un Uruguay m\u00e1s pr\u00f3spero y solidario. &nbsp; Venimos de dos a\u00f1os muy complejos, en los que se han sumado los efectos del ajuste presupuestal de algunas pol\u00edticas de promoci\u00f3n, con los efectos de una pandemia que gener\u00f3 graves inconvenientes en m\u00faltiples sectores de actividad, en d\u00f3nde muchas cooperativas se vieron afectadas.<br \/> &nbsp;<br \/> El movimiento cooperativo uruguayo ha reaccionado defendiendo sus puestos [&#8230;]<\/p>\n","protected":false},"author":27,"featured_media":3797,"comment_status":"open","ping_status":"open","sticky":false,"template":"","format":"standard","meta":{"_acf_changed":false,"ngg_post_thumbnail":0,"footnotes":""},"categories":[7,6,1],"tags":[],"class_list":["post-3795","post","type-post","status-publish","format-standard","has-post-thumbnail","hentry","category-cooperativas","category-institucionales","category-noticias"],"acf":[],"_links":{"self":[{"href":"http:\/\/www.cudecoop.coop\/cudecoop\/wp-json\/wp\/v2\/posts\/3795","targetHints":{"allow":["GET"]}}],"collection":[{"href":"http:\/\/www.cudecoop.coop\/cudecoop\/wp-json\/wp\/v2\/posts"}],"about":[{"href":"http:\/\/www.cudecoop.coop\/cudecoop\/wp-json\/wp\/v2\/types\/post"}],"author":[{"embeddable":true,"href":"http:\/\/www.cudecoop.coop\/cudecoop\/wp-json\/wp\/v2\/users\/27"}],"replies":[{"embeddable":true,"href":"http:\/\/www.cudecoop.coop\/cudecoop\/wp-json\/wp\/v2\/comments?post=3795"}],"version-history":[{"count":2,"href":"http:\/\/www.cudecoop.coop\/cudecoop\/wp-json\/wp\/v2\/posts\/3795\/revisions"}],"predecessor-version":[{"id":3798,"href":"http:\/\/www.cudecoop.coop\/cudecoop\/wp-json\/wp\/v2\/posts\/3795\/revisions\/3798"}],"wp:featuredmedia":[{"embeddable":true,"href":"http:\/\/www.cudecoop.coop\/cudecoop\/wp-json\/wp\/v2\/media\/3797"}],"wp:attachment":[{"href":"http:\/\/www.cudecoop.coop\/cudecoop\/wp-json\/wp\/v2\/media?parent=3795"}],"wp:term":[{"taxonomy":"category","embeddable":true,"href":"http:\/\/www.cudecoop.coop\/cudecoop\/wp-json\/wp\/v2\/categories?post=3795"},{"taxonomy":"post_tag","embeddable":true,"href":"http:\/\/www.cudecoop.coop\/cudecoop\/wp-json\/wp\/v2\/tags?post=3795"}],"curies":[{"name":"wp","href":"https:\/\/api.w.org\/{rel}","templated":true}]}}