{"id":3784,"date":"2022-04-25T15:38:49","date_gmt":"2022-04-25T15:38:49","guid":{"rendered":"http:\/\/www.cudecoop.coop\/cudecoop\/?p=3784"},"modified":"2022-04-25T15:38:49","modified_gmt":"2022-04-25T15:38:49","slug":"estudio-de-las-particularidades-de-los-procesos-de-negociacion-colectiva-en-entidades-de-la-economia-social-en-el-contexto-actual","status":"publish","type":"post","link":"http:\/\/www.cudecoop.coop\/cudecoop\/estudio-de-las-particularidades-de-los-procesos-de-negociacion-colectiva-en-entidades-de-la-economia-social-en-el-contexto-actual\/","title":{"rendered":"ESTUDIO DE LAS PARTICULARIDADES DE LOS PROCESOS DE NEGOCIACI\u00d3N COLECTIVA EN ENTIDADES DE LA ECONOM\u00cdA SOCIAL EN EL CONTEXTO ACTUAL"},"content":{"rendered":"<div dir=\"auto\">Mi\u00e9rcoles 27 de abril 17h por zoom.<\/div>\n<div dir=\"auto\">&nbsp;<\/div>\n<div dir=\"auto\">\n<div dir=\"auto\">Presentaci\u00f3n de la publicaci\u00f3n: ESTUDIO DE LAS PARTICULARIDADES DE LOS PROCESOS DE NEGOCIACI\u00d3N COLECTIVA EN ENTIDADES DE LA ECONOM\u00cdA SOCIAL EN EL CONTEXTO ACTUAL&nbsp;<\/div>\n<div dir=\"auto\">El caso de las cooperativas&nbsp;<\/div>\n<\/div>\n<div dir=\"auto\">&nbsp;<\/div>\n<div dir=\"auto\">En la mesa de apertura contaremos con la presencia de Alicia Maneiro, presidenta de CUDECOOP;&nbsp; Pablo Mart\u00ednez, presidente del Instituto Juan Pablo Terra; Pablo Darscht, director general de Inefop; y&nbsp;Graciela Fern\u00e1ndez, presidenta de Cooperativas de las Am\u00e9ricas.<\/div>\n<div dir=\"auto\">&nbsp;<\/div>\n<div dir=\"auto\">La publicaci\u00f3n cuenta con la coordinaci\u00f3n de Pablo Guerra, y la&nbsp; colaboraci\u00f3n de Sergio Reyes, Gerardo Montes, Luc\u00eda Maschi y Jos\u00e9 Pablo Garc\u00eda.<\/div>\n<div dir=\"auto\">&nbsp;<\/div>\n<div dir=\"auto\">La publicaci\u00f3n es resultado de la investigaci\u00f3n realizada en el marco del proyecto financiado por INEFOP (Literal \u00d1)<\/div>\n<div dir=\"auto\">&nbsp;<\/div>\n<div dir=\"auto\">Enlace de conexi\u00f3n:&nbsp;<\/div>\n<div dir=\"auto\">&nbsp;<\/div>\n<div dir=\"auto\">\n<div>Unirse a la reuni\u00f3n Zoom<\/div>\n<div><a href=\"https:\/\/us02web.zoom.us\/j\/89564199167?pwd=NGM2SzRsK3NNL1NyY2FhSXFCRmE2UT09\" target=\"_blank\" rel=\"noopener\" data-saferedirecturl=\"https:\/\/www.google.com\/url?q=https:\/\/us02web.zoom.us\/j\/89564199167?pwd%3DNGM2SzRsK3NNL1NyY2FhSXFCRmE2UT09&amp;source=gmail&amp;ust=1650986709087000&amp;usg=AOvVaw2gg5jHn-6WB0eUcVzGYdBm\">https:\/\/us02web.zoom.us\/j\/<wbr>89564199167?pwd=<wbr>NGM2SzRsK3NNL1NyY2FhSXFCRmE2UT<wbr>09<\/a><\/div>\n<div>&nbsp;<\/div>\n<div>ID de reuni\u00f3n: 895 6419 9167<\/div>\n<div>C\u00f3digo de acceso: 245763<\/div>\n<\/div>\n","protected":false},"excerpt":{"rendered":"<p>Mi\u00e9rcoles 27 de abril 17h por zoom. &nbsp; Presentaci\u00f3n de la publicaci\u00f3n: ESTUDIO DE LAS PARTICULARIDADES DE LOS PROCESOS DE NEGOCIACI\u00d3N COLECTIVA EN ENTIDADES DE LA ECONOM\u00cdA SOCIAL EN EL CONTEXTO ACTUAL&nbsp; El caso de las cooperativas&nbsp; &nbsp; En la mesa de apertura contaremos con la presencia de Alicia Maneiro, presidenta de CUDECOOP;&nbsp; Pablo Mart\u00ednez, presidente del Instituto Juan Pablo Terra; Pablo Darscht, director general de Inefop; y&nbsp;Graciela Fern\u00e1ndez, presidenta de Cooperativas de las Am\u00e9ricas. &nbsp; La publicaci\u00f3n cuenta con la coordinaci\u00f3n de Pablo Guerra, y la&nbsp; colaboraci\u00f3n de Sergio Reyes, Gerardo Montes, Luc\u00eda Maschi y Jos\u00e9 Pablo Garc\u00eda. &nbsp; [&#8230;]<\/p>\n","protected":false},"author":27,"featured_media":3785,"comment_status":"open","ping_status":"open","sticky":false,"template":"","format":"standard","meta":{"_acf_changed":false,"ngg_post_thumbnail":0,"footnotes":""},"categories":[7,6,1],"tags":[],"class_list":["post-3784","post","type-post","status-publish","format-standard","has-post-thumbnail","hentry","category-cooperativas","category-institucionales","category-noticias"],"acf":[],"_links":{"self":[{"href":"http:\/\/www.cudecoop.coop\/cudecoop\/wp-json\/wp\/v2\/posts\/3784","targetHints":{"allow":["GET"]}}],"collection":[{"href":"http:\/\/www.cudecoop.coop\/cudecoop\/wp-json\/wp\/v2\/posts"}],"about":[{"href":"http:\/\/www.cudecoop.coop\/cudecoop\/wp-json\/wp\/v2\/types\/post"}],"author":[{"embeddable":true,"href":"http:\/\/www.cudecoop.coop\/cudecoop\/wp-json\/wp\/v2\/users\/27"}],"replies":[{"embeddable":true,"href":"http:\/\/www.cudecoop.coop\/cudecoop\/wp-json\/wp\/v2\/comments?post=3784"}],"version-history":[{"count":1,"href":"http:\/\/www.cudecoop.coop\/cudecoop\/wp-json\/wp\/v2\/posts\/3784\/revisions"}],"predecessor-version":[{"id":3786,"href":"http:\/\/www.cudecoop.coop\/cudecoop\/wp-json\/wp\/v2\/posts\/3784\/revisions\/3786"}],"wp:featuredmedia":[{"embeddable":true,"href":"http:\/\/www.cudecoop.coop\/cudecoop\/wp-json\/wp\/v2\/media\/3785"}],"wp:attachment":[{"href":"http:\/\/www.cudecoop.coop\/cudecoop\/wp-json\/wp\/v2\/media?parent=3784"}],"wp:term":[{"taxonomy":"category","embeddable":true,"href":"http:\/\/www.cudecoop.coop\/cudecoop\/wp-json\/wp\/v2\/categories?post=3784"},{"taxonomy":"post_tag","embeddable":true,"href":"http:\/\/www.cudecoop.coop\/cudecoop\/wp-json\/wp\/v2\/tags?post=3784"}],"curies":[{"name":"wp","href":"https:\/\/api.w.org\/{rel}","templated":true}]}}