{"id":3777,"date":"2022-04-23T22:28:55","date_gmt":"2022-04-23T22:28:55","guid":{"rendered":"http:\/\/www.cudecoop.coop\/cudecoop\/?p=3777"},"modified":"2022-04-23T22:56:36","modified_gmt":"2022-04-23T22:56:36","slug":"mas-de-100-personas-en-el-encuentro-de-cooperativas-del-noreste","status":"publish","type":"post","link":"http:\/\/www.cudecoop.coop\/cudecoop\/mas-de-100-personas-en-el-encuentro-de-cooperativas-del-noreste\/","title":{"rendered":"M\u00e1s de 100 personas en el encuentro de cooperativas del noreste"},"content":{"rendered":"<p><!--more--><\/p>\n<p>Con gran concurrencia se realiz\u00f3 el encuentro regional de Cooperativas del Noreste del pa\u00eds, en Tacuaremb\u00f3.<\/p>\n<p>M\u00e1s de 100 personas participaron este s\u00e1bado del encuentro regional Noreste. Algunas estuvieron presentes en el CENUR de Tacuaremb\u00f3 y otras en formato virtual.<\/p>\n<p>Se trat\u00f3 del primer encuentro regional para la preparaci\u00f3n del 5to encuentro nacional de cooperativas: a 20 a\u00f1os de la Recomendaci\u00f3n 193 de la OIT para la promoci\u00f3n de las cooperativas.<\/p>\n<p>En la mesa de apertura estuvieron presentes Pablo Gonz\u00e1lez y Marcelo D\u00edaz representantes de la mesa intercooperativa de Tacuaremb\u00f3; Mercedes Lopez por el CENUR; Mart\u00edn Fern\u00e1ndez presidente de INACOOP; y Alicia Maneiro presidenta de CUDECOOP.<\/p>\n<p>Se cont\u00f3 con la exposici\u00f3n de Juan Pablo Mart\u00ed, Gabriel Isola y Pablo Guerra, este \u00faltimo por video, autores de los ejes tem\u00e1ticos disparadores del 5to encuentro nacional de cooperativas, que se realiza en el pr\u00f3ximo mes de agosto en Montevideo.&nbsp;<\/p>\n<p>Participaron cooperativistas se Cerro Largo, Rivera, Treinta y Tres y Tacuaremb\u00f3. Adem\u00e1s de quienes estuvieron de forma presencial, tambi\u00e9n hubo un grupo de participantes que se hicieron presentes a trav\u00e9s de la plataforma virtual, con el mismo cometido, discutir sobre los ejes tem\u00e1ticos del 5to Encuentro nacional de cooperativas.&nbsp;<\/p>\n","protected":false},"excerpt":{"rendered":"","protected":false},"author":27,"featured_media":3778,"comment_status":"open","ping_status":"open","sticky":false,"template":"","format":"standard","meta":{"_acf_changed":false,"ngg_post_thumbnail":0,"footnotes":""},"categories":[7,6,1],"tags":[],"class_list":["post-3777","post","type-post","status-publish","format-standard","has-post-thumbnail","hentry","category-cooperativas","category-institucionales","category-noticias"],"acf":[],"_links":{"self":[{"href":"http:\/\/www.cudecoop.coop\/cudecoop\/wp-json\/wp\/v2\/posts\/3777","targetHints":{"allow":["GET"]}}],"collection":[{"href":"http:\/\/www.cudecoop.coop\/cudecoop\/wp-json\/wp\/v2\/posts"}],"about":[{"href":"http:\/\/www.cudecoop.coop\/cudecoop\/wp-json\/wp\/v2\/types\/post"}],"author":[{"embeddable":true,"href":"http:\/\/www.cudecoop.coop\/cudecoop\/wp-json\/wp\/v2\/users\/27"}],"replies":[{"embeddable":true,"href":"http:\/\/www.cudecoop.coop\/cudecoop\/wp-json\/wp\/v2\/comments?post=3777"}],"version-history":[{"count":5,"href":"http:\/\/www.cudecoop.coop\/cudecoop\/wp-json\/wp\/v2\/posts\/3777\/revisions"}],"predecessor-version":[{"id":3783,"href":"http:\/\/www.cudecoop.coop\/cudecoop\/wp-json\/wp\/v2\/posts\/3777\/revisions\/3783"}],"wp:featuredmedia":[{"embeddable":true,"href":"http:\/\/www.cudecoop.coop\/cudecoop\/wp-json\/wp\/v2\/media\/3778"}],"wp:attachment":[{"href":"http:\/\/www.cudecoop.coop\/cudecoop\/wp-json\/wp\/v2\/media?parent=3777"}],"wp:term":[{"taxonomy":"category","embeddable":true,"href":"http:\/\/www.cudecoop.coop\/cudecoop\/wp-json\/wp\/v2\/categories?post=3777"},{"taxonomy":"post_tag","embeddable":true,"href":"http:\/\/www.cudecoop.coop\/cudecoop\/wp-json\/wp\/v2\/tags?post=3777"}],"curies":[{"name":"wp","href":"https:\/\/api.w.org\/{rel}","templated":true}]}}