{"id":3771,"date":"2022-04-21T15:47:23","date_gmt":"2022-04-21T15:47:23","guid":{"rendered":"http:\/\/www.cudecoop.coop\/cudecoop\/?p=3771"},"modified":"2022-04-21T15:47:23","modified_gmt":"2022-04-21T15:47:23","slug":"llamado-a-asamblea-general-extraordinaria","status":"publish","type":"post","link":"http:\/\/www.cudecoop.coop\/cudecoop\/llamado-a-asamblea-general-extraordinaria\/","title":{"rendered":"LLAMADO A ASAMBLEA GENERAL EXTRAORDINARIA"},"content":{"rendered":"<p style=\"font-weight: 400;\">Estimadas Socias:<\/p>\n<p style=\"font-weight: 400;\">El Consejo Directivo de la Confederaci\u00f3n Uruguaya de Entidades Cooperativas en su sesi\u00f3n del pasado martes 5 de abril, cumpliendo con los art\u00edculos 28 y 30 de sus estatutos, resolvi\u00f3 convocar a sus asociados a &nbsp;una&nbsp;Asamblea&nbsp;General Extraordinaria a realizarse el d\u00eda martes 17 de mayo de 2022 en la Sede de CUDECOOP ubicada en Av. 18 de Julio 948 oficina 502, Montevideo.<\/p>\n<p style=\"font-weight: 400;\">1\u00aa Convocatoria \u2013 hora 17:00<\/p>\n<p style=\"font-weight: 400;\">2\u00aa Convocatoria \u2013 hora 18:00<\/p>\n<p style=\"font-weight: 400;\"><strong>Orden del D\u00eda:<\/strong><\/p>\n<ol>\n<li style=\"font-weight: 400;\">Selecci\u00f3n de los candidatos que se propongan al Poder Ejecutivo para integrar el Instituto Nacional del Cooperativismo y fijaci\u00f3n de las orientaciones pol\u00edticas y estrat\u00e9gicas a las que deber\u00e1n sujetarse los delegados electos.<\/li>\n<\/ol>\n<p style=\"font-weight: 400;\">El Art\u00edculo 28 de los Estatutos de CUDECOOP se\u00f1ala que&nbsp;<em>\u201cCorresponder\u00e1 a la&nbsp;Asamblea&nbsp;la selecci\u00f3n de los candidatos que se propongan al Poder Ejecutivo para integrar el Instituto Nacional del Cooperativismo y la fijaci\u00f3n de las orientaciones pol\u00edticas y estrat\u00e9gicas a las que deber\u00e1n sujetarse los delegados electos.\u201d<\/em>En tal sentido&nbsp;<strong>el martes 10 de mayo es la fecha l\u00edmite para recibir las candidaturas<\/strong>, as\u00ed como sugiere no enviar m\u00e1s de 3 postulantes por Socia, con un breve Curr\u00edculum adjunto del\/a candidato\/a. &nbsp;<\/p>\n<p style=\"font-weight: 400;\">Como en las elecciones anteriores, las candidaturas son recibidas por la Secretar\u00eda de la Confederaci\u00f3n para ser renviadas a todas las socias.<\/p>\n<p style=\"font-weight: 400;\">La elecci\u00f3n se realizar\u00e1 mediante voto secreto, eligiendo 6 postulantes que ser\u00e1n enviados al Ministerio de Trabajo y Seguridad Social en orden de votaci\u00f3n para la designaci\u00f3n de los Delegados al Instituto Nacional de Cooperativismo.<\/p>\n<p style=\"font-weight: 400;\">Asimismo se\u00f1alamos que los delegados del movimiento ante INACOOP, ser\u00e1n mandatados por el Consejo Directivo de CUDECOOP y por la&nbsp;Asamblea, se&nbsp;les demandar\u00e1 un activo involucramiento en la organizaci\u00f3n, participaci\u00f3n&nbsp;en todas las sesiones del Consejo Directivo de CUDECOOP as\u00ed como en todas las instancias en que sean requeridos para la coordinaci\u00f3n de la pol\u00edtica gremial y su desempe\u00f1o en el INACOOP.<\/p>\n<p style=\"font-weight: 400;\">&nbsp;<\/p>\n<p style=\"font-weight: 400;\"><strong><em>Art\u00edculo n\u00b0 194, de la Ley 18.407<\/em><\/strong><\/p>\n<p style=\"font-weight: 400;\">(<em>Direcci\u00f3n y administraci\u00f3n).- El Instituto Nacional del Cooperativismo (INACOOP) ser\u00e1 dirigido y administrado por un Directorio de cinco miembros, integrado por tres delegados del Poder Ejecutivo, uno de los cuales actuar\u00e1 en calidad de Presidente y otro en calidad de Vicepresidente, y dos delegados del sector cooperativo .Los delegados representantes del sector cooperativo ser\u00e1n designados por el Poder Ejecutivo a propuesta de la Confederaci\u00f3n Uruguaya de Entidades Cooperativas (CUDECOOP), de una n\u00f3mina de seis personas. El Poder Ejecutivo proceder\u00e1 a designar de oficio los representantes del sector cooperativo cuando no se hubiera formalizado la proposici\u00f3n de los delegados dentro del plazo de treinta d\u00edas desde su requerimiento.<\/em><\/p>\n<p style=\"font-weight: 400;\"><em>La compensaci\u00f3n por las actividades de los Directores ser\u00e1 determinada de acuerdo a la reglamentaci\u00f3n que dictar\u00e1 el Poder Ejecutivo. La duraci\u00f3n del mandato de los miembros del Directorio ser\u00e1 de dos a\u00f1os, pudiendo ser reelectos por dos per\u00edodos m\u00e1s. Los delegados del Poder Ejecutivo podr\u00e1n ser sustituidos de oficio y los delegados del sector cooperativo a iniciativa de la entidad proponente y, en ambos casos, con expresi\u00f3n de la causa que motiva la medida.<\/em><\/p>\n<p style=\"font-weight: 400;\"><em>Cada miembro del INACOOP tendr\u00e1 su correspondiente alterno que ser\u00e1 designado por el Poder Ejecutivo. La reglamentaci\u00f3n determinar\u00e1 el r\u00e9gimen de suplencias a aplicarse. Los miembros salientes permanecer\u00e1n en sus funciones hasta que asuman los nuevos miembros designados.<\/em><\/p>\n<p style=\"font-weight: 400;\"><strong><u>A los efectos de presentar a la Auditor\u00eda Interna solicitamos a cada Federaci\u00f3n\/Cooperativa que nos confirme recepci\u00f3n de este correo.<\/u><\/strong><\/p>\n<p style=\"font-weight: 400;\">Asimismo, les recordamos que&nbsp;<strong><u>nos hagan llegar una nota con titular y alterno designado para&nbsp; la representaci\u00f3n en&nbsp;Asamblea&nbsp;de vuestra Federaci\u00f3n\/Cooperativa<\/u><\/strong>, ya que es incompatible la calidad de Asamble\u00edsta con la de integrante del Consejo Directivo y Comisi\u00f3n Fiscal (art. 35 y 45 de los Estatutos).<\/p>\n<p>&nbsp;<\/p>\n<p><a href=\"http:\/\/www.cudecoop.coop\/cudecoop\/wp-content\/uploads\/2022\/04\/LLAMADO-AGE-170522.pdf\">LLAMADO AGE 170522<\/a><\/p>\n","protected":false},"excerpt":{"rendered":"<p>Estimadas Socias: El Consejo Directivo de la Confederaci\u00f3n Uruguaya de Entidades Cooperativas en su sesi\u00f3n del pasado martes 5 de abril, cumpliendo con los art\u00edculos 28 y 30 de sus estatutos, resolvi\u00f3 convocar a sus asociados a &nbsp;una&nbsp;Asamblea&nbsp;General Extraordinaria a realizarse el d\u00eda martes 17 de mayo de 2022 en la Sede de CUDECOOP ubicada en Av. 18 de Julio 948 oficina 502, Montevideo. 1\u00aa Convocatoria \u2013 hora 17:00 2\u00aa Convocatoria \u2013 hora 18:00 Orden del D\u00eda: Selecci\u00f3n de los candidatos que se propongan al Poder Ejecutivo para integrar el Instituto Nacional del Cooperativismo y fijaci\u00f3n de las orientaciones pol\u00edticas [&#8230;]<\/p>\n","protected":false},"author":27,"featured_media":0,"comment_status":"open","ping_status":"open","sticky":false,"template":"","format":"standard","meta":{"_acf_changed":false,"ngg_post_thumbnail":0,"footnotes":""},"categories":[7,6,1],"tags":[],"class_list":["post-3771","post","type-post","status-publish","format-standard","hentry","category-cooperativas","category-institucionales","category-noticias"],"acf":[],"_links":{"self":[{"href":"http:\/\/www.cudecoop.coop\/cudecoop\/wp-json\/wp\/v2\/posts\/3771","targetHints":{"allow":["GET"]}}],"collection":[{"href":"http:\/\/www.cudecoop.coop\/cudecoop\/wp-json\/wp\/v2\/posts"}],"about":[{"href":"http:\/\/www.cudecoop.coop\/cudecoop\/wp-json\/wp\/v2\/types\/post"}],"author":[{"embeddable":true,"href":"http:\/\/www.cudecoop.coop\/cudecoop\/wp-json\/wp\/v2\/users\/27"}],"replies":[{"embeddable":true,"href":"http:\/\/www.cudecoop.coop\/cudecoop\/wp-json\/wp\/v2\/comments?post=3771"}],"version-history":[{"count":1,"href":"http:\/\/www.cudecoop.coop\/cudecoop\/wp-json\/wp\/v2\/posts\/3771\/revisions"}],"predecessor-version":[{"id":3773,"href":"http:\/\/www.cudecoop.coop\/cudecoop\/wp-json\/wp\/v2\/posts\/3771\/revisions\/3773"}],"wp:attachment":[{"href":"http:\/\/www.cudecoop.coop\/cudecoop\/wp-json\/wp\/v2\/media?parent=3771"}],"wp:term":[{"taxonomy":"category","embeddable":true,"href":"http:\/\/www.cudecoop.coop\/cudecoop\/wp-json\/wp\/v2\/categories?post=3771"},{"taxonomy":"post_tag","embeddable":true,"href":"http:\/\/www.cudecoop.coop\/cudecoop\/wp-json\/wp\/v2\/tags?post=3771"}],"curies":[{"name":"wp","href":"https:\/\/api.w.org\/{rel}","templated":true}]}}