{"id":3749,"date":"2022-04-08T18:56:50","date_gmt":"2022-04-08T18:56:50","guid":{"rendered":"http:\/\/www.cudecoop.coop\/cudecoop\/?p=3749"},"modified":"2022-04-22T21:54:41","modified_gmt":"2022-04-22T21:54:41","slug":"encuentro-regional-de-cooperativas-de-tacuarembo-cerro-largo-rivera-y-treinta-y-tres","status":"publish","type":"post","link":"http:\/\/www.cudecoop.coop\/cudecoop\/encuentro-regional-de-cooperativas-de-tacuarembo-cerro-largo-rivera-y-treinta-y-tres\/","title":{"rendered":"Encuentro regional de cooperativas de Tacuaremb\u00f3, Cerro Largo, Rivera y Treinta y Tres"},"content":{"rendered":"<p>S\u00e1bado 23 de abril, 8h en CENUR (Tacuaremb\u00f3) o virtual.<\/p>\n<p>En el marco de la celebraci\u00f3n de los 20 a\u00f1os de la Recomendaci\u00f3n 193 de la OIT para la promoci\u00f3n de las cooperativas, se realiza el 5to Encuentro nacional el pr\u00f3ximo mes de agosto en Montevideo.<\/p>\n<p>Con tal motivo nos encontramos el s\u00e1bado 23 de abril para trabajar y aportar a los ejes desde la perspectiva de las cooperativas de Tacuaremb\u00f3, Cerro Largo, Rivera y Treinta y Tres.<\/p>\n<p>En el marco de Tacuaremb\u00f3 capital nacional del cooperativismo 2022, la actividad se realiza de forma presencial en Tacuaremb\u00f3, pero tambi\u00e9n se podr\u00e1 participar de forma virtual para quienes as\u00ed lo prefieran.&nbsp;<\/p>\n<p><strong>Presencial:<\/strong> CENUR Noreste Tacuaremb\u00f3 (UDELAR)<\/p>\n<p>Ruta 5. km: 386,200 Tacuaremb\u00f3<\/p>\n<p><strong>Virtual:<\/strong>&nbsp;<\/p>\n<p>ID de reuni\u00f3n: 853 1680 1563<\/p>\n<p>C\u00f3digo de acceso: 713625<\/p>\n<p><strong>Inscripciones:<\/strong> <a href=\"https:\/\/forms.gle\/kkruAegvrsM4rioJ9\">llenar formulario<\/a><\/p>\n<p><strong>Programa de la actividad:&nbsp;<a href=\"http:\/\/www.cudecoop.coop\/cudecoop\/wp-content\/uploads\/2022\/04\/Programa-Encuentro-Regional-Tacuarembo.docx\">Programa Encuentro Regional Tacuarembo<\/a><\/strong><\/p>\n<p>&nbsp;<\/p>\n","protected":false},"excerpt":{"rendered":"<p>S\u00e1bado 23 de abril, 8h en CENUR (Tacuaremb\u00f3) o virtual. En el marco de la celebraci\u00f3n de los 20 a\u00f1os de la Recomendaci\u00f3n 193 de la OIT para la promoci\u00f3n de las cooperativas, se realiza el 5to Encuentro nacional el pr\u00f3ximo mes de agosto en Montevideo. Con tal motivo nos encontramos el s\u00e1bado 23 de abril para trabajar y aportar a los ejes desde la perspectiva de las cooperativas de Tacuaremb\u00f3, Cerro Largo, Rivera y Treinta y Tres. En el marco de Tacuaremb\u00f3 capital nacional del cooperativismo 2022, la actividad se realiza de forma presencial en Tacuaremb\u00f3, pero tambi\u00e9n se [&#8230;]<\/p>\n","protected":false},"author":27,"featured_media":3767,"comment_status":"open","ping_status":"open","sticky":false,"template":"","format":"standard","meta":{"_acf_changed":false,"ngg_post_thumbnail":0,"footnotes":""},"categories":[7,6,1],"tags":[],"class_list":["post-3749","post","type-post","status-publish","format-standard","has-post-thumbnail","hentry","category-cooperativas","category-institucionales","category-noticias"],"acf":[],"_links":{"self":[{"href":"http:\/\/www.cudecoop.coop\/cudecoop\/wp-json\/wp\/v2\/posts\/3749","targetHints":{"allow":["GET"]}}],"collection":[{"href":"http:\/\/www.cudecoop.coop\/cudecoop\/wp-json\/wp\/v2\/posts"}],"about":[{"href":"http:\/\/www.cudecoop.coop\/cudecoop\/wp-json\/wp\/v2\/types\/post"}],"author":[{"embeddable":true,"href":"http:\/\/www.cudecoop.coop\/cudecoop\/wp-json\/wp\/v2\/users\/27"}],"replies":[{"embeddable":true,"href":"http:\/\/www.cudecoop.coop\/cudecoop\/wp-json\/wp\/v2\/comments?post=3749"}],"version-history":[{"count":5,"href":"http:\/\/www.cudecoop.coop\/cudecoop\/wp-json\/wp\/v2\/posts\/3749\/revisions"}],"predecessor-version":[{"id":3776,"href":"http:\/\/www.cudecoop.coop\/cudecoop\/wp-json\/wp\/v2\/posts\/3749\/revisions\/3776"}],"wp:featuredmedia":[{"embeddable":true,"href":"http:\/\/www.cudecoop.coop\/cudecoop\/wp-json\/wp\/v2\/media\/3767"}],"wp:attachment":[{"href":"http:\/\/www.cudecoop.coop\/cudecoop\/wp-json\/wp\/v2\/media?parent=3749"}],"wp:term":[{"taxonomy":"category","embeddable":true,"href":"http:\/\/www.cudecoop.coop\/cudecoop\/wp-json\/wp\/v2\/categories?post=3749"},{"taxonomy":"post_tag","embeddable":true,"href":"http:\/\/www.cudecoop.coop\/cudecoop\/wp-json\/wp\/v2\/tags?post=3749"}],"curies":[{"name":"wp","href":"https:\/\/api.w.org\/{rel}","templated":true}]}}