{"id":3745,"date":"2022-04-08T16:30:45","date_gmt":"2022-04-08T16:30:45","guid":{"rendered":"http:\/\/www.cudecoop.coop\/cudecoop\/?p=3745"},"modified":"2022-04-08T16:52:01","modified_gmt":"2022-04-08T16:52:01","slug":"incubacoop-abre-el-6to-llamado-para-incubar-proyectos-cooperativos-innovadores","status":"publish","type":"post","link":"http:\/\/www.cudecoop.coop\/cudecoop\/incubacoop-abre-el-6to-llamado-para-incubar-proyectos-cooperativos-innovadores\/","title":{"rendered":"Incubacoop abre el 6to llamado para incubar proyectos cooperativos innovadores"},"content":{"rendered":"<p>El llamado estar\u00e1 abierto desde el 11 de abril hasta el 11 de junio del 2022.<\/p>\n<p>INCUBACOOP es una incubadora creada a partir de la alianza estrat\u00e9gica de tres instituciones: INACOOP, MIEM y CUDECOOP, quienes desarrollaron un modelo de incubaci\u00f3n pensado para el sector cooperativo y centrado en las personas.<\/p>\n<p>La presente convocatoria busca estimular la postulaci\u00f3n de grupos pre-cooperativos y cooperativos que se encuentren en fases tempranas de dise\u00f1o de sus proyectos organizativos y de negocios.<\/p>\n<p>En est\u00e1 oportunidad se realizar\u00e1 especial \u00e9nfasis en iniciativas en el sector de tecnolog\u00edas de la informaci\u00f3n y las comunicaciones (TICs) as\u00ed como en la innovaci\u00f3n en sistemas agroalimentarios.<\/p>\n<p>De manera complementaria, tambi\u00e9n ser\u00e1n valoradas propuestas en sectores de log\u00edstica; dise\u00f1o, audiovisual, industrias culturales y creativas; tecnolog\u00edas para la salud y los cuidados; servicios ecosist\u00e9micos y de gesti\u00f3n ambiental; cooperativas de plataforma; turismo; electr\u00f3nica y biotecnolog\u00eda.<\/p>\n<p><strong>&nbsp;<\/strong>INCUBACOOP apoyar\u00e1 a los grupos seleccionados en un plazo m\u00e1ximo de entre 12 y 16 meses con acompa\u00f1amiento y formaci\u00f3n durante las etapas de incubaci\u00f3n definidas como Sensibilizaci\u00f3n, Pre-Incubaci\u00f3n, Incubaci\u00f3n y Egreso.<\/p>\n<p>El plan de capacitaci\u00f3n estar\u00e1 vinculado de acuerdo al perfil de cada proyecto.<\/p>\n<p>Se acompa\u00f1ar\u00e1 en el proceso de conformaci\u00f3n de la cooperativa, en el desarrollo de los primeros contactos con proveedores, clientes potenciales, organismos financieros, mecanismos de rondas de negocio y v\u00ednculos con el ecosistema emprendedor del pa\u00eds.<\/p>\n<p>El llamado estar\u00e1 abierto desde el 11 de abril hasta el 11 de junio del 2022.<\/p>\n<p>Los grupos interesados deber\u00e1n completar el formulario de inscripci\u00f3n disponible en <a href=\"http:\/\/www.incubacoop.org.uy\">incubacoop.org.uy<\/a><\/p>\n<p>Por consultas comunicarse a comunicacion@incubacoop.org.uy<\/p>\n<p>&nbsp;<\/p>\n","protected":false},"excerpt":{"rendered":"<p>El llamado estar\u00e1 abierto desde el 11 de abril hasta el 11 de junio del 2022. INCUBACOOP es una incubadora creada a partir de la alianza estrat\u00e9gica de tres instituciones: INACOOP, MIEM y CUDECOOP, quienes desarrollaron un modelo de incubaci\u00f3n pensado para el sector cooperativo y centrado en las personas. La presente convocatoria busca estimular la postulaci\u00f3n de grupos pre-cooperativos y cooperativos que se encuentren en fases tempranas de dise\u00f1o de sus proyectos organizativos y de negocios. En est\u00e1 oportunidad se realizar\u00e1 especial \u00e9nfasis en iniciativas en el sector de tecnolog\u00edas de la informaci\u00f3n y las comunicaciones (TICs) as\u00ed como [&#8230;]<\/p>\n","protected":false},"author":27,"featured_media":3746,"comment_status":"open","ping_status":"open","sticky":false,"template":"","format":"standard","meta":{"_acf_changed":false,"ngg_post_thumbnail":0,"footnotes":""},"categories":[7,6,1],"tags":[],"class_list":["post-3745","post","type-post","status-publish","format-standard","has-post-thumbnail","hentry","category-cooperativas","category-institucionales","category-noticias"],"acf":[],"_links":{"self":[{"href":"http:\/\/www.cudecoop.coop\/cudecoop\/wp-json\/wp\/v2\/posts\/3745","targetHints":{"allow":["GET"]}}],"collection":[{"href":"http:\/\/www.cudecoop.coop\/cudecoop\/wp-json\/wp\/v2\/posts"}],"about":[{"href":"http:\/\/www.cudecoop.coop\/cudecoop\/wp-json\/wp\/v2\/types\/post"}],"author":[{"embeddable":true,"href":"http:\/\/www.cudecoop.coop\/cudecoop\/wp-json\/wp\/v2\/users\/27"}],"replies":[{"embeddable":true,"href":"http:\/\/www.cudecoop.coop\/cudecoop\/wp-json\/wp\/v2\/comments?post=3745"}],"version-history":[{"count":2,"href":"http:\/\/www.cudecoop.coop\/cudecoop\/wp-json\/wp\/v2\/posts\/3745\/revisions"}],"predecessor-version":[{"id":3748,"href":"http:\/\/www.cudecoop.coop\/cudecoop\/wp-json\/wp\/v2\/posts\/3745\/revisions\/3748"}],"wp:featuredmedia":[{"embeddable":true,"href":"http:\/\/www.cudecoop.coop\/cudecoop\/wp-json\/wp\/v2\/media\/3746"}],"wp:attachment":[{"href":"http:\/\/www.cudecoop.coop\/cudecoop\/wp-json\/wp\/v2\/media?parent=3745"}],"wp:term":[{"taxonomy":"category","embeddable":true,"href":"http:\/\/www.cudecoop.coop\/cudecoop\/wp-json\/wp\/v2\/categories?post=3745"},{"taxonomy":"post_tag","embeddable":true,"href":"http:\/\/www.cudecoop.coop\/cudecoop\/wp-json\/wp\/v2\/tags?post=3745"}],"curies":[{"name":"wp","href":"https:\/\/api.w.org\/{rel}","templated":true}]}}