{"id":3714,"date":"2022-03-15T19:39:07","date_gmt":"2022-03-15T19:39:07","guid":{"rendered":"http:\/\/www.cudecoop.coop\/cudecoop\/?p=3714"},"modified":"2022-07-19T18:56:46","modified_gmt":"2022-07-19T18:56:46","slug":"cooperativas-4-0-programa-de-digitalizacion-de-la-economia-social","status":"publish","type":"post","link":"http:\/\/www.cudecoop.coop\/cudecoop\/cooperativas-4-0-programa-de-digitalizacion-de-la-economia-social\/","title":{"rendered":"Cooperativas 4.0 \u2013 Programa de Digitalizaci\u00f3n de la Econom\u00eda Social"},"content":{"rendered":"<h2><span style=\"font-weight: 400;\">Espacio de formaci\u00f3n digital para organizaciones de la econom\u00eda social<\/span><\/h2>\n<p><span style=\"font-weight: 400;\">CCU y CUDECOOP, con financiamiento de INEFOP, crearon un espacio de formaci\u00f3n para organizaciones de la econom\u00eda social con el objetivo de generar capacidades para que adopten pr\u00e1cticas y herramientas digitales que mejoren su competitividad, eficiencia organizacional y gobernanza.<\/span><\/p>\n<p><span style=\"font-weight: 400;\">La formaci\u00f3n est\u00e1 dirigida a <\/span><span style=\"font-weight: 400;\">directivos, socios y funcionarios de las cooperativas de todas las clases y organizaciones de la econom\u00eda social, que quieren incorporar competencias transversales para la transformaci\u00f3n digital de sus organizaciones.&nbsp;<\/span><\/p>\n<p><span style=\"font-weight: 400;\">Los cursos se organizan en tres ejes tem\u00e1ticos: gobierno digital, negocios digitales cooperativos y digitalizaci\u00f3n de la administraci\u00f3n cooperativa, y dentro de cada eje existen dos niveles para poder profundizar en la tem\u00e1tica. Los cursos son virtuales, dos veces por semana, de 18h a 20h.<\/span><\/p>\n<h2><span style=\"color: #003366;\">Indicaciones para seleccionar los cursos<\/span><\/h2>\n<p>&nbsp;<\/p>\n<p>Cada curso se repite hasta tres veces en el a\u00f1o, por lo que sugerimos anotarse a uno por trimestre, y en caso de querer hacer m\u00e1s de uno realizarlo en los distintos per\u00edodos.&nbsp;<\/p>\n<p>Cada edici\u00f3n tiene cupos limitados de 20 participantes.&nbsp;<\/p>\n<p>Aqu\u00ed debajo dejamos el calendario del primer trimestre, y m\u00e1s abajo el formulario para inscribirse. Se utiliza el mismo para todos los cursos.&nbsp;<\/p>\n<h2><span style=\"color: #003366;\">Calendario de cursada del primer semestre del a\u00f1o<\/span><\/h2>\n<p><span style=\"font-weight: 400;\"><strong>Digitalizaci\u00f3n de las cooperativas<\/strong> &#8211;&nbsp;<\/span><span style=\"font-weight: 400;\">martes y jueves de 18 a 20h&nbsp;<\/span><span style=\"font-weight: 400;\">desde el 5 de abril al 3 de mayo.<\/span><\/p>\n<p><span style=\"font-weight: 400;\"><strong>De la pc a las plataformas m\u00f3viles<\/strong>&nbsp;&#8211;&nbsp;<\/span><span style=\"font-weight: 400;\">lunes y mi\u00e9rcoles de 18 a 20 h desde e<\/span><span style=\"font-weight: 400;\">l 20 de abril hasta el 11 de mayo.<\/span><\/p>\n<p><span style=\"font-weight: 400;\"><strong>Gobierno cooperativo<\/strong> &#8211;<\/span><span style=\"font-weight: 400;\">martes y jueves de 18 a 20 h, desde&nbsp;<\/span><span style=\"font-weight: 400;\">del 5 de mayo al 7 de junio.<\/span><\/p>\n<p><span style=\"font-weight: 400;\"><strong>Comunicaci\u00f3n digital y v\u00ednculo con los socios<\/strong>&nbsp;&#8211;<\/span><span style=\"font-weight: 400;\">lunes y mi\u00e9rcoles de 18 a20 h&nbsp;<\/span><span style=\"font-weight: 400;\">desde el 18 de mayo al 20 de junio.&nbsp;<\/span><\/p>\n<p><span style=\"font-weight: 400;\"><strong>Herramientas digitales para la gesti\u00f3n asociativa<\/strong>&nbsp;-lunes y mi\u00e9rcoles<\/span><span style=\"font-weight: 400;\">&nbsp;de 18 a 20 h&nbsp;<\/span><span style=\"font-weight: 400;\">desde el 6 al 27 de junio.<\/span><\/p>\n<p><span style=\"font-weight: 400;\"><strong>Comercio digital cooperativo<\/strong>&nbsp;&#8211; martes y jueves<\/span><span style=\"font-weight: 400;\">&nbsp;de 18 a 20 h&nbsp;<\/span><span style=\"font-weight: 400;\">desde el 24 de mayo al 30 de junio.<\/span><\/p>\n<p>&nbsp;<\/p>\n<p>&nbsp;<\/p>\n<p><a href=\"https:\/\/forms.gle\/5wepCuGXCqhNHVZw5\">INSCRIPCIONES<\/a><\/p>\n<p>DESCARGAR CALENDARIO PRIMER SEMESTRE:&nbsp;<a href=\"http:\/\/www.cudecoop.coop\/cudecoop\/wp-content\/uploads\/2022\/03\/cudecoop_coop4_calendario_primer-semestre_v2.pdf\">&nbsp;_calendario_primer semestre_v2<\/a><\/p>\n<p>&nbsp;<\/p>\n<p>PROGRAMA ANUAL:<\/p>\n<p><img loading=\"lazy\" decoding=\"async\" class=\"alignnone wp-image-3800 size-large\" src=\"http:\/\/www.cudecoop.coop\/cudecoop\/wp-content\/uploads\/2022\/03\/Cudecoop_coop-4.0_Calendario-anual-1-481x1024.png\" alt=\"\" width=\"481\" height=\"1024\" srcset=\"http:\/\/www.cudecoop.coop\/cudecoop\/wp-content\/uploads\/2022\/03\/Cudecoop_coop-4.0_Calendario-anual-1-481x1024.png 481w, http:\/\/www.cudecoop.coop\/cudecoop\/wp-content\/uploads\/2022\/03\/Cudecoop_coop-4.0_Calendario-anual-1-141x300.png 141w, http:\/\/www.cudecoop.coop\/cudecoop\/wp-content\/uploads\/2022\/03\/Cudecoop_coop-4.0_Calendario-anual-1-768x1636.png 768w, http:\/\/www.cudecoop.coop\/cudecoop\/wp-content\/uploads\/2022\/03\/Cudecoop_coop-4.0_Calendario-anual-1-11x24.png 11w, http:\/\/www.cudecoop.coop\/cudecoop\/wp-content\/uploads\/2022\/03\/Cudecoop_coop-4.0_Calendario-anual-1-17x36.png 17w, http:\/\/www.cudecoop.coop\/cudecoop\/wp-content\/uploads\/2022\/03\/Cudecoop_coop-4.0_Calendario-anual-1-23x48.png 23w, http:\/\/www.cudecoop.coop\/cudecoop\/wp-content\/uploads\/2022\/03\/Cudecoop_coop-4.0_Calendario-anual-1.png 1080w\" sizes=\"auto, (max-width: 481px) 100vw, 481px\" \/><\/p>\n<p>&nbsp;<\/p>\n<p><strong>Programa de cada m\u00f3dulo:<\/strong><\/p>\n<p><a href=\"http:\/\/www.cudecoop.coop\/cudecoop\/wp-content\/uploads\/2022\/03\/Comercio-Digital-Cooperativo.pdf\">Comercio Digital Cooperativo<\/a><\/p>\n<p><a href=\"http:\/\/www.cudecoop.coop\/cudecoop\/wp-content\/uploads\/2022\/03\/De-la-PC-a-las-plataformas-moviles.pdf\">De la PC a las plataformas moviles<\/a><\/p>\n<p><a href=\"http:\/\/www.cudecoop.coop\/cudecoop\/wp-content\/uploads\/2022\/03\/Digitalizacion-de-las-cooperativas.pdf\">Digitalizacion de las cooperativas<\/a><\/p>\n<p><a href=\"http:\/\/www.cudecoop.coop\/cudecoop\/wp-content\/uploads\/2022\/03\/Ficha-Comunicaci\u00f3n-digital-y-v\u00ednculo-con-los-socios.docx\">Ficha Comunicaci\u00f3n digital y v\u00ednculo con los socios<\/a><\/p>\n<p><a href=\"http:\/\/www.cudecoop.coop\/cudecoop\/wp-content\/uploads\/2022\/03\/Gobierno-Cooperativo.pdf\">Gobierno Cooperativo<\/a><\/p>\n<p><a href=\"http:\/\/www.cudecoop.coop\/cudecoop\/wp-content\/uploads\/2022\/03\/Herramientas-digitales-para-la-gesti\u00f3n-asociativa.pdf\">Herramientas digitales para la gesti\u00f3n asociativa<\/a><\/p>\n<p>&nbsp;<\/p>\n","protected":false},"excerpt":{"rendered":"<p>Espacio de formaci\u00f3n digital para organizaciones de la econom\u00eda social CCU y CUDECOOP, con financiamiento de INEFOP, crearon un espacio de formaci\u00f3n para organizaciones de la econom\u00eda social con el objetivo de generar capacidades para que adopten pr\u00e1cticas y herramientas digitales que mejoren su competitividad, eficiencia organizacional y gobernanza. La formaci\u00f3n est\u00e1 dirigida a directivos, socios y funcionarios de las cooperativas de todas las clases y organizaciones de la econom\u00eda social, que quieren incorporar competencias transversales para la transformaci\u00f3n digital de sus organizaciones.&nbsp; Los cursos se organizan en tres ejes tem\u00e1ticos: gobierno digital, negocios digitales cooperativos y digitalizaci\u00f3n de la [&#8230;]<\/p>\n","protected":false},"author":27,"featured_media":3727,"comment_status":"open","ping_status":"open","sticky":false,"template":"","format":"standard","meta":{"_acf_changed":false,"ngg_post_thumbnail":0,"footnotes":""},"categories":[7,6,1],"tags":[],"class_list":["post-3714","post","type-post","status-publish","format-standard","has-post-thumbnail","hentry","category-cooperativas","category-institucionales","category-noticias"],"acf":[],"_links":{"self":[{"href":"http:\/\/www.cudecoop.coop\/cudecoop\/wp-json\/wp\/v2\/posts\/3714","targetHints":{"allow":["GET"]}}],"collection":[{"href":"http:\/\/www.cudecoop.coop\/cudecoop\/wp-json\/wp\/v2\/posts"}],"about":[{"href":"http:\/\/www.cudecoop.coop\/cudecoop\/wp-json\/wp\/v2\/types\/post"}],"author":[{"embeddable":true,"href":"http:\/\/www.cudecoop.coop\/cudecoop\/wp-json\/wp\/v2\/users\/27"}],"replies":[{"embeddable":true,"href":"http:\/\/www.cudecoop.coop\/cudecoop\/wp-json\/wp\/v2\/comments?post=3714"}],"version-history":[{"count":15,"href":"http:\/\/www.cudecoop.coop\/cudecoop\/wp-json\/wp\/v2\/posts\/3714\/revisions"}],"predecessor-version":[{"id":3820,"href":"http:\/\/www.cudecoop.coop\/cudecoop\/wp-json\/wp\/v2\/posts\/3714\/revisions\/3820"}],"wp:featuredmedia":[{"embeddable":true,"href":"http:\/\/www.cudecoop.coop\/cudecoop\/wp-json\/wp\/v2\/media\/3727"}],"wp:attachment":[{"href":"http:\/\/www.cudecoop.coop\/cudecoop\/wp-json\/wp\/v2\/media?parent=3714"}],"wp:term":[{"taxonomy":"category","embeddable":true,"href":"http:\/\/www.cudecoop.coop\/cudecoop\/wp-json\/wp\/v2\/categories?post=3714"},{"taxonomy":"post_tag","embeddable":true,"href":"http:\/\/www.cudecoop.coop\/cudecoop\/wp-json\/wp\/v2\/tags?post=3714"}],"curies":[{"name":"wp","href":"https:\/\/api.w.org\/{rel}","templated":true}]}}