{"id":3708,"date":"2022-03-09T14:42:10","date_gmt":"2022-03-09T14:42:10","guid":{"rendered":"http:\/\/www.cudecoop.coop\/cudecoop\/?p=3708"},"modified":"2022-03-09T15:59:23","modified_gmt":"2022-03-09T15:59:23","slug":"taller-de-intercambio-sobre-protocolos-de-prevencion-ante-situaciones-de-acoso-sexual-y-laboral-en-las-organizaciones","status":"publish","type":"post","link":"http:\/\/www.cudecoop.coop\/cudecoop\/taller-de-intercambio-sobre-protocolos-de-prevencion-ante-situaciones-de-acoso-sexual-y-laboral-en-las-organizaciones\/","title":{"rendered":"Taller de intercambio sobre protocolos de prevenci\u00f3n ante situaciones de acoso sexual y laboral en las organizaciones"},"content":{"rendered":"<p>Te invitamos a participar de un espacio de intercambio virtual para reflexionar sobre la violencia basada en g\u00e9nero en las organizaciones cooperativas. Se trata de un espacio de taller participativo para la validaci\u00f3n de una gu\u00eda de apoyo para la construcci\u00f3n de protocolos de prevenci\u00f3n y actuaci\u00f3n ante situaciones de acoso sexual laboral.&nbsp;<\/p>\n<p>10 de marzo de 17.30 a 19.30 por Zoom<\/p>\n<p>Actividad a cargo de la comisi\u00f3n de g\u00e9nero de CUDECOOP.<\/p>\n<p>Co-organizan: Grupo de trabajo interinstitucional de G\u00e9nero: CUDECOOP, INACOOP, INEFOP, FCPU, COOPERATIVA ARTIGAS.<\/p>\n<p>&nbsp;<\/p>\n<p>Compartimos aqu\u00ed el programa de la actividad:<\/p>\n<p>OBJETIVO: Reflexionar sobre la violencia basada en g\u00e9nero en las organizaciones cooperativas a trav\u00e9s de un taller participativo de validaci\u00f3n de una gu\u00eda de apoyo para la construcci\u00f3n de protocolos de prevenci\u00f3n y actuaci\u00f3n ante situaciones de acoso sexual laboral.<\/p>\n<p>DESTINATARIAS: En forma presencial estar\u00e1n invitadas integrantes de las Comisiones de G\u00e9nero de las Federaciones y socias de CUDECOOP y virtualmente participar\u00e1n integrantes de las comisiones de g\u00e9nero de las Mesas Intercooperativas Departamentales.&nbsp;<\/p>\n<p>METODOLOG\u00cdA: Mediante la metodolog\u00eda de taller se pondr\u00e1 a consideraci\u00f3n la gu\u00eda para recibir aportes y validar su contenido en base a la experiencia de las participantes.<\/p>\n<p>&nbsp;<\/p>\n<table width=\"554\">\n<tbody>\n<tr>\n<td width=\"277\">17.30<\/td>\n<td width=\"277\">Apertura de las autoridades<\/td>\n<\/tr>\n<tr>\n<td width=\"277\">17.45<\/td>\n<td width=\"277\">Breve exposici\u00f3n sobre el contenido de la gu\u00eda<\/td>\n<\/tr>\n<tr>\n<td width=\"277\">18.00<\/td>\n<td width=\"277\">Trabajo en talleres (presencial y virtual)<\/td>\n<\/tr>\n<tr>\n<td width=\"277\">18.45<\/td>\n<td width=\"277\">Puesta en com\u00fan<\/td>\n<\/tr>\n<tr>\n<td width=\"277\">19.15<\/td>\n<td width=\"277\">Cierre<\/td>\n<\/tr>\n<\/tbody>\n<\/table>\n<p>&nbsp;<\/p>\n<p>&nbsp;<\/p>\n<p>Conexi\u00f3n a zoom:&nbsp;<\/p>\n<p>CUDECOOP le est\u00e1 invitando a una reuni\u00f3n de Zoom programada.<\/p>\n<p>Tema: Taller G\u00e9nero<br \/>\nHora: 10 mar. 2022 05:30 p.&nbsp;m. Montevideo<\/p>\n<p>Unirse a la reuni\u00f3n Zoom<br \/>\nhttps:\/\/us02web.zoom.us\/j\/83238720604?pwd=SDR4RHcvRVFwQmlOaG1ySTBjTml4Zz09<\/p>\n<p>ID de reuni\u00f3n: 832 3872 0604<br \/>\nC\u00f3digo de acceso: 071350<\/p>\n<p>&nbsp;<\/p>\n<p>&nbsp;<\/p>\n","protected":false},"excerpt":{"rendered":"<p>Te invitamos a participar de un espacio de intercambio virtual para reflexionar sobre la violencia basada en g\u00e9nero en las organizaciones cooperativas. Se trata de un espacio de taller participativo para la validaci\u00f3n de una gu\u00eda de apoyo para la construcci\u00f3n de protocolos de prevenci\u00f3n y actuaci\u00f3n ante situaciones de acoso sexual laboral.&nbsp; 10 de marzo de 17.30 a 19.30 por Zoom Actividad a cargo de la comisi\u00f3n de g\u00e9nero de CUDECOOP. Co-organizan: Grupo de trabajo interinstitucional de G\u00e9nero: CUDECOOP, INACOOP, INEFOP, FCPU, COOPERATIVA ARTIGAS. &nbsp; Compartimos aqu\u00ed el programa de la actividad: OBJETIVO: Reflexionar sobre la violencia basada en [&#8230;]<\/p>\n","protected":false},"author":27,"featured_media":3710,"comment_status":"open","ping_status":"open","sticky":false,"template":"","format":"standard","meta":{"_acf_changed":false,"ngg_post_thumbnail":0,"footnotes":""},"categories":[7,6,1],"tags":[],"class_list":["post-3708","post","type-post","status-publish","format-standard","has-post-thumbnail","hentry","category-cooperativas","category-institucionales","category-noticias"],"acf":[],"_links":{"self":[{"href":"http:\/\/www.cudecoop.coop\/cudecoop\/wp-json\/wp\/v2\/posts\/3708","targetHints":{"allow":["GET"]}}],"collection":[{"href":"http:\/\/www.cudecoop.coop\/cudecoop\/wp-json\/wp\/v2\/posts"}],"about":[{"href":"http:\/\/www.cudecoop.coop\/cudecoop\/wp-json\/wp\/v2\/types\/post"}],"author":[{"embeddable":true,"href":"http:\/\/www.cudecoop.coop\/cudecoop\/wp-json\/wp\/v2\/users\/27"}],"replies":[{"embeddable":true,"href":"http:\/\/www.cudecoop.coop\/cudecoop\/wp-json\/wp\/v2\/comments?post=3708"}],"version-history":[{"count":4,"href":"http:\/\/www.cudecoop.coop\/cudecoop\/wp-json\/wp\/v2\/posts\/3708\/revisions"}],"predecessor-version":[{"id":3715,"href":"http:\/\/www.cudecoop.coop\/cudecoop\/wp-json\/wp\/v2\/posts\/3708\/revisions\/3715"}],"wp:featuredmedia":[{"embeddable":true,"href":"http:\/\/www.cudecoop.coop\/cudecoop\/wp-json\/wp\/v2\/media\/3710"}],"wp:attachment":[{"href":"http:\/\/www.cudecoop.coop\/cudecoop\/wp-json\/wp\/v2\/media?parent=3708"}],"wp:term":[{"taxonomy":"category","embeddable":true,"href":"http:\/\/www.cudecoop.coop\/cudecoop\/wp-json\/wp\/v2\/categories?post=3708"},{"taxonomy":"post_tag","embeddable":true,"href":"http:\/\/www.cudecoop.coop\/cudecoop\/wp-json\/wp\/v2\/tags?post=3708"}],"curies":[{"name":"wp","href":"https:\/\/api.w.org\/{rel}","templated":true}]}}