{"id":3704,"date":"2022-03-07T17:54:58","date_gmt":"2022-03-07T17:54:58","guid":{"rendered":"http:\/\/www.cudecoop.coop\/cudecoop\/?p=3704"},"modified":"2022-03-07T17:55:56","modified_gmt":"2022-03-07T17:55:56","slug":"cooperativas-construyendo-una-sociedad-con-mas-mujeres-protagonistas","status":"publish","type":"post","link":"http:\/\/www.cudecoop.coop\/cudecoop\/cooperativas-construyendo-una-sociedad-con-mas-mujeres-protagonistas\/","title":{"rendered":"COOPERATIVAS CONSTRUYENDO UNA SOCIEDAD CON M\u00c1S MUJERES PROTAGONISTAS"},"content":{"rendered":"<p>En este 8 de marzo, saludamos a todas las mujeres cooperativistas que d\u00eda a d\u00eda construyen nuestro movimiento y nos unimos para reafirmar nuestra convicci\u00f3n de lucha y entrega al movimiento cooperativo. Reivindicamos nuestro lugar como mujeres, partes del sistema m\u00e1s democr\u00e1tico de gesti\u00f3n y solidario. Como tal levantamos nuestra voz para reivindicar nuestros derechos, en busca de que m\u00e1s mujeres sean protagonistas de nuestra construcci\u00f3n social. Por un cooperativismo m\u00e1s equitativo instamos a todas a forjar los lazos de unidad.<\/p>\n<p>&nbsp;<\/p>\n<p><span style=\"color: #000080;\"><strong>El movimiento cooperativo realizar\u00e1 estas actividades en todo el pa\u00eds:<\/strong><\/span><\/p>\n<p><strong>CUDECOOP<\/strong><\/p>\n<ul>\n<li>Difusi\u00f3n de este comunicado en los medios de difusi\u00f3n de la Confederaci\u00f3n<\/li>\n<li>Colocaci\u00f3n de la pancarta \u201cCooperativas construyendo una sociedad con m\u00e1s mujeres protagonistas\u201d en el balc\u00f3n de la sede mirando a la Avenida 18 de Julio<\/li>\n<li>10\/03- Taller de la Comisi\u00f3n de G\u00e9nero de CUDECOOP con las comisiones de g\u00e9nero de las federaciones y entidades socias y las comisiones de las mesas intercooperativas departamentales, presencial y virtual co-organizado con Inacoop.<\/li>\n<\/ul>\n<p><strong>FCPU<\/strong><\/p>\n<ul>\n<li>Lectura de proclama en la Casa de FCPU (Salto 1289) para luego partir desde all\u00ed hacia la marcha. Se transmite en vivo por las RR.SS.<\/li>\n<li>Colocaci\u00f3n de una bandera violeta iluminada en la fachada de FCPU.<\/li>\n<li>Marco para fotos de perfil en redes sociales a ser utilizada por cada cooperativa de trabajo compartir en redes sociales<\/li>\n<li>Acci\u00f3n de cada grupo cooperativo de trabajo del interior dando visibilidad a la proclama, generando im\u00e1genes y videos para difundirlas por todo el pa\u00eds.<\/li>\n<\/ul>\n<p><strong>FUCC<\/strong><\/p>\n<ul>\n<li>Durante todo el mes de marzo 2022 difusi\u00f3n de la Campa\u00f1a \u201cHistorias de Mujeres\u201d y de un documento con los Servicios de orientaci\u00f3n y atenci\u00f3n para mujeres en situaciones de violencia de g\u00e9nero en todo el pa\u00eds de las cooperativas de consumo.<\/li>\n<li>2\/03\/22 &#8211; Difusi\u00f3n de Mensaje del Equipo de G\u00e9nero de FUCC en Adhesi\u00f3n al D\u00eda Internacional de la Mujer.<\/li>\n<li>8\/03\/22 Adhesi\u00f3n al d\u00eda Internacional de la Mujer. Participaci\u00f3n en la Movilizaci\u00f3n, elaboraci\u00f3n de materiales, campa\u00f1a en redes y pagina Web de la Federaci\u00f3n y cooperativas socias.<\/li>\n<li>10\/03\/22- Participaci\u00f3n en la actividad organizada por la Comisi\u00f3n de Genero de CUDECOOP.<\/li>\n<li>30\/03\/22- Tertulia Cooperativa con la participaci\u00f3n de la Docente Investigadora Andrea Tuana v\u00eda zoom.<\/li>\n<\/ul>\n<p><strong>FUCVAM<\/strong><\/p>\n<ul>\n<li>Proclama \u201cSin mujeres no hay cooperativismo\u201d<\/li>\n<li>Participaci\u00f3n en la marcha con concentraci\u00f3n en la Plaza Fabini con cascos pintados de violeta y con cancionero preparado para la ocasi\u00f3n<\/li>\n<li>Intervenci\u00f3n en cada cooperativa socia con pancartas, pa\u00f1uelos violetas en las casas de todas las cooperativas socias del pa\u00eds<\/li>\n<\/ul>\n<p><strong>CNFR<\/strong><\/p>\n<ul>\n<li>Publicaci\u00f3n de un comunicado y reuni\u00f3n presencial de la Comisi\u00f3n de Mujeres Referentes del Sistema de Fomento Rural.&nbsp;<\/li>\n<\/ul>\n<p><strong>FECOVI<\/strong><\/p>\n<ul>\n<li>Colocaci\u00f3n de carteles en las cooperativas socias y mensajes alusivos en cada casas o balc\u00f3n.<\/li>\n<li>Participaci\u00f3n de las cooperativistas en la marcha.<\/li>\n<\/ul>\n<p><strong>CAF<\/strong><\/p>\n<ul>\n<li>Distinci\u00f3n a tres mujeres que realizan una labor destacada en diversos \u00e1mbitos. Las mujeres a ser reconocidas ser\u00e1n:&nbsp;Azucena Arbeleche(Ministra de Econom\u00eda y Finanzas),&nbsp;Milagros Rodriguez&nbsp;(Ganadora del Concurso \u201cMujeres Esquiladoras\u201d organizado por la cooperativa El Fog\u00f3n) y&nbsp;Graciela Fern\u00e1ndez&nbsp;(Presidente de Cooperativas de las Am\u00e9ricas). La actividad se realizar\u00e1 en el marco del Consejo Directivo de la Federaci\u00f3n, contando adem\u00e1s con la participaci\u00f3n de mujeres referentes y directivas de nuestras cooperativas socias.<\/li>\n<li>Trasmisi\u00f3n en vivo a trav\u00e9s del canal de youtube de CAF.<\/li>\n<li>Lanzamiento delproyecto sobre G\u00e9nero en las Cooperativas Agrarias denominado \u201cDiagn\u00f3stico y propuesta para el abordaje de g\u00e9nero en las Cooperativas Agrarias Federadas\u201d para apoyar a las mujeres vinculadas al sistema cooperativo agrario, y fomentar su inclusi\u00f3n en los espacios de decisi\u00f3n y de gesti\u00f3n de las cooperativas. Ser\u00e1 implementado durante el presente a\u00f1o por la&nbsp;Facultad de Agronom\u00eda&nbsp;(Udelar) y la&nbsp;Organizaci\u00f3n de las Naciones Unidas para la Alimentaci\u00f3n&nbsp;(FAO).<\/li>\n<\/ul>\n<p>&nbsp;<\/p>\n<p><strong>CONFIAR<\/strong><\/p>\n<ul>\n<li>Realizaci\u00f3n de un video para compartir en las redes con mujeres de la Cooperativa Artigas<\/li>\n<li>El 8\/03 se homenajear\u00e1 a una representante de la Cooperativa Artigas en Treinta y Tres por sus aportes al cooperativismo, de parte de COMAC, junto a otras mujeres cooperativistas.<\/li>\n<li>Implementaci\u00f3n de una encuesta hacia los y las asociadas\/os de Cooperativa Artigas<\/li>\n<li>Elaboraci\u00f3n de afiches alusivos y env\u00edo a todas las Agencias del Interior del Pa\u00eds<\/li>\n<li>Convocatoria a la marcha el d\u00eda 8\/3 a las 17.30 horas en la Cooperativa Artigas en su sede Central de 18 de Julio<\/li>\n<li>Encuentros durante el mes de marzo donde se mostrar\u00e1 el video, para que sea el disparador de preguntas en todas las agencias del interior de la cooperativa.<\/li>\n<\/ul>\n<p><span style=\"color: #000080;\"><strong>Y en las Mesas Intercooperativas Departamentales:<\/strong><\/span><\/p>\n<p>&nbsp;<\/p>\n<p><strong>TACUAREMB\u00d3<\/strong><\/p>\n<ul>\n<li>Articulaci\u00f3n de la Comisi\u00f3n de G\u00e9nero de la Mesa Intercooperativa con otras organizaciones locales para el 8M.<\/li>\n<li>Participaci\u00f3n en la marcha con un cierre art\u00edstico de mujeres y feria de emprendedoras.&nbsp;<\/li>\n<li>Amarecer lila en la plaza del Cooperativismo quien tendr\u00e1 su amanecer lila. Tambi\u00e9n en la plaza se entregar\u00e1 material de difusi\u00f3n con informaci\u00f3n de utilidad para mujeres, desde lo laboral, salud sexual y reproductiva, difusi\u00f3n sobre VBG<\/li>\n<li>Lectura de una proclama y culminamos actividad deportiva zumba cooperativa<\/li>\n<li>Las cooperativas tendr\u00e1n su amanecer lila, colocando carteles, balconeras, globos o cintas en alusi\u00f3n a la fecha.&nbsp;<\/li>\n<li>Presencia en la prensa local<\/li>\n<\/ul>\n<p><strong>CERRO LARGO<\/strong><\/p>\n<ul>\n<li>Participaci\u00f3n en la marcha en Melo con la pancarta de \u201cMujeres cooperativistas\u201d<\/li>\n<li>Entrevistas en medio de prensa locales, as\u00ed como en la radio cooperativa local<\/li>\n<\/ul>\n<p><strong>PAYSAND\u00da<\/strong><\/p>\n<ul>\n<li>Participaci\u00f3n en la marcha del departamento<\/li>\n<li>Elaboraci\u00f3n de v\u00eddeos present\u00e1ndose cada cooperativista contando su rol en su cooperativa para difundir por las redes<\/li>\n<li>Publicaci\u00f3n de fotos en las redes de las cooperativas de cada cooperativa de Paysand\u00fa.<\/li>\n<\/ul>\n<p><strong>SALTO<\/strong><\/p>\n<ul>\n<li>Participaci\u00f3n de la Mesa Intercooperativa de Salto en la marcha del departamento junto con la mesa regional de Fucvam<\/li>\n<li>Publicaci\u00f3n de un comunicado en prensa<\/li>\n<\/ul>\n<p><strong>TREINTA Y TRES<\/strong><\/p>\n<ul>\n<li>Adhesi\u00f3n a la marcha del departamento y participaci\u00f3n en la misma<\/li>\n<li>Elaboraci\u00f3n de un video para difundir por redes sociales<\/li>\n<li>Participar de las actividades de Cooperativa Artigas y COMAC<\/li>\n<\/ul>\n<p><strong>FLORIDA<\/strong><\/p>\n<ul>\n<li>Confecci\u00f3n de pa\u00f1uelos en Mercado municipal apoyados por la Cooperativa social Crepatel<\/li>\n<li>Oratoria \u201cMujeres Florida\u201d en la plaza de la Mujer<\/li>\n<li>Participaci\u00f3n en la marcha del departamento<\/li>\n<li>Proclama y artistas en la Plaza Asamblea de Florida<\/li>\n<\/ul>\n<p><strong>SORIANO<\/strong><\/p>\n<ul>\n<li>Participaci\u00f3n de las cooperativistas en la marcha en cada ciudad del departamento<\/li>\n<li>Colocaci\u00f3n de carteles alusivos a la fecha<\/li>\n<\/ul>\n<p><strong>CANELONES<\/strong><\/p>\n<ul>\n<li>Participaci\u00f3n de las cooperativistas en la marcha en cada ciudad del departamento<\/li>\n<li>Colocaci\u00f3n de carteles alusivos a la fecha<\/li>\n<\/ul>\n<p><strong>MALDONADO<\/strong><\/p>\n<ul>\n<li>Participaci\u00f3n de las cooperativistas en la marcha en cada ciudad del departamento<\/li>\n<li>Colocaci\u00f3n de carteles alusivos a la fecha<\/li>\n<\/ul>\n<p><strong>RIO NEGRO<\/strong><\/p>\n<ul>\n<li>Participaci\u00f3n de las cooperativistas en la marcha en cada ciudad del departamento<\/li>\n<li>Colocaci\u00f3n de carteles alusivos a la fecha<\/li>\n<li>Elaboraci\u00f3n por parte de la Mesa un mensaje a la prensa<\/li>\n<\/ul>\n<p>&nbsp;<\/p>\n<p>&nbsp;<\/p>\n","protected":false},"excerpt":{"rendered":"<p>En este 8 de marzo, saludamos a todas las mujeres cooperativistas que d\u00eda a d\u00eda construyen nuestro movimiento y nos unimos para reafirmar nuestra convicci\u00f3n de lucha y entrega al movimiento cooperativo. Reivindicamos nuestro lugar como mujeres, partes del sistema m\u00e1s democr\u00e1tico de gesti\u00f3n y solidario. Como tal levantamos nuestra voz para reivindicar nuestros derechos, en busca de que m\u00e1s mujeres sean protagonistas de nuestra construcci\u00f3n social. Por un cooperativismo m\u00e1s equitativo instamos a todas a forjar los lazos de unidad. &nbsp; El movimiento cooperativo realizar\u00e1 estas actividades en todo el pa\u00eds: CUDECOOP Difusi\u00f3n de este comunicado en los medios [&#8230;]<\/p>\n","protected":false},"author":27,"featured_media":3707,"comment_status":"open","ping_status":"open","sticky":false,"template":"","format":"standard","meta":{"_acf_changed":false,"ngg_post_thumbnail":0,"footnotes":""},"categories":[7,6,1],"tags":[],"class_list":["post-3704","post","type-post","status-publish","format-standard","has-post-thumbnail","hentry","category-cooperativas","category-institucionales","category-noticias"],"acf":[],"_links":{"self":[{"href":"http:\/\/www.cudecoop.coop\/cudecoop\/wp-json\/wp\/v2\/posts\/3704","targetHints":{"allow":["GET"]}}],"collection":[{"href":"http:\/\/www.cudecoop.coop\/cudecoop\/wp-json\/wp\/v2\/posts"}],"about":[{"href":"http:\/\/www.cudecoop.coop\/cudecoop\/wp-json\/wp\/v2\/types\/post"}],"author":[{"embeddable":true,"href":"http:\/\/www.cudecoop.coop\/cudecoop\/wp-json\/wp\/v2\/users\/27"}],"replies":[{"embeddable":true,"href":"http:\/\/www.cudecoop.coop\/cudecoop\/wp-json\/wp\/v2\/comments?post=3704"}],"version-history":[{"count":1,"href":"http:\/\/www.cudecoop.coop\/cudecoop\/wp-json\/wp\/v2\/posts\/3704\/revisions"}],"predecessor-version":[{"id":3706,"href":"http:\/\/www.cudecoop.coop\/cudecoop\/wp-json\/wp\/v2\/posts\/3704\/revisions\/3706"}],"wp:featuredmedia":[{"embeddable":true,"href":"http:\/\/www.cudecoop.coop\/cudecoop\/wp-json\/wp\/v2\/media\/3707"}],"wp:attachment":[{"href":"http:\/\/www.cudecoop.coop\/cudecoop\/wp-json\/wp\/v2\/media?parent=3704"}],"wp:term":[{"taxonomy":"category","embeddable":true,"href":"http:\/\/www.cudecoop.coop\/cudecoop\/wp-json\/wp\/v2\/categories?post=3704"},{"taxonomy":"post_tag","embeddable":true,"href":"http:\/\/www.cudecoop.coop\/cudecoop\/wp-json\/wp\/v2\/tags?post=3704"}],"curies":[{"name":"wp","href":"https:\/\/api.w.org\/{rel}","templated":true}]}}