{"id":3700,"date":"2022-02-23T18:45:06","date_gmt":"2022-02-23T18:45:06","guid":{"rendered":"http:\/\/www.cudecoop.coop\/cudecoop\/?p=3700"},"modified":"2022-02-23T18:45:06","modified_gmt":"2022-02-23T18:45:06","slug":"preocupacion-por-el-futuro-de-las-cooperativas-sociales-en-el-uruguay","status":"publish","type":"post","link":"http:\/\/www.cudecoop.coop\/cudecoop\/preocupacion-por-el-futuro-de-las-cooperativas-sociales-en-el-uruguay\/","title":{"rendered":"PREOCUPACI\u00d3N POR EL FUTURO DE  LAS COOPERATIVAS SOCIALES EN EL URUGUAY"},"content":{"rendered":"<p>COMUNICADO A LA OPINI\u00d3N P\u00daBLICA &#8211; Confederaci\u00f3n Uruguaya de Entidades Cooperativas<\/p>\n<p>&nbsp;<strong><em>PREOCUPACI\u00d3N POR EL FUTURO DE&nbsp;<\/em><\/strong><strong><em>LAS COOPERATIVAS SOCIALES EN EL URUGUAY<\/em><\/strong><em> &#8211;&nbsp;<\/em><em>23 de febrero de 2022<\/em><\/p>\n<p>El Consejo Directivo de CUDECOOP, reunido el pasado 8 de febrero, analiz\u00f3 la situaci\u00f3n de las cooperativas sociales en nuestro pa\u00eds, a ra\u00edz de m\u00faltiples situaciones que impactan en la continuidad de estas organizaciones, y el efecto en los procesos de construcci\u00f3n de autonom\u00eda de miles de cooperativistas.<\/p>\n<p>Es urgente la consolidaci\u00f3n de una pol\u00edtica nacional clara y potente para el fortalecimiento de las cooperativas sociales, como instrumento cooperativo espec\u00edfico para la inclusi\u00f3n socio-laboral de poblaci\u00f3n en situaci\u00f3n de vulnerabilidad social y econ\u00f3mica.<\/p>\n<p>Varios organismos nacionales y gobiernos departamentales est\u00e1n cortando la renovaci\u00f3n de contratos con cooperativas sociales, lo que hace peligrar la continuidad de estas organizaciones cooperativas y los puestos de trabajo generados. Adem\u00e1s, en varios de estos casos, estas cooperativas brindaban un servicio evaluado como muy bueno.<\/p>\n<p>Para el movimiento cooperativo es importante el fortalecimiento de las cooperativas sociales, como instrumento cooperativo espec\u00edfico para la inclusi\u00f3n socio-laboral de poblaci\u00f3n en situaci\u00f3n de vulnerabilidad social y econ\u00f3mica, siendo una preocupaci\u00f3n que las experiencias y recorridos que han llevado a miles de trabajadores\/as a desarrollarse, organizando y aprendiendo a gestionar sus propias empresas cooperativas, se abandone por propuestas de empleo transitorio, atentando contra el desarrollo personal, su autonom\u00eda, y el crecimiento del sistema cooperativo.<\/p>\n<p>Es por este motivo, que exhortamos a las autoridades a todo nivel y representantes de todos los partidos pol\u00edticos, a entender la especificidad de estas organizaciones como pol\u00edtica social, y a potenciarlas ya que conjugan inclusi\u00f3n econ\u00f3mica con desarrollo personal, y lo que es m\u00e1s importante, promueven la creaci\u00f3n de puestos de trabajo para personas con dificultades de empleo.<\/p>\n<p>&nbsp;<\/p>\n<p>CONSEJO DIRECTIVO<\/p>\n<p>CUDECOOP<\/p>\n","protected":false},"excerpt":{"rendered":"<p>COMUNICADO A LA OPINI\u00d3N P\u00daBLICA &#8211; Confederaci\u00f3n Uruguaya de Entidades Cooperativas &nbsp;PREOCUPACI\u00d3N POR EL FUTURO DE&nbsp;LAS COOPERATIVAS SOCIALES EN EL URUGUAY &#8211;&nbsp;23 de febrero de 2022 El Consejo Directivo de CUDECOOP, reunido el pasado 8 de febrero, analiz\u00f3 la situaci\u00f3n de las cooperativas sociales en nuestro pa\u00eds, a ra\u00edz de m\u00faltiples situaciones que impactan en la continuidad de estas organizaciones, y el efecto en los procesos de construcci\u00f3n de autonom\u00eda de miles de cooperativistas. Es urgente la consolidaci\u00f3n de una pol\u00edtica nacional clara y potente para el fortalecimiento de las cooperativas sociales, como instrumento cooperativo espec\u00edfico para la inclusi\u00f3n socio-laboral [&#8230;]<\/p>\n","protected":false},"author":27,"featured_media":0,"comment_status":"open","ping_status":"open","sticky":false,"template":"","format":"standard","meta":{"_acf_changed":false,"ngg_post_thumbnail":0,"footnotes":""},"categories":[7,6,1],"tags":[],"class_list":["post-3700","post","type-post","status-publish","format-standard","hentry","category-cooperativas","category-institucionales","category-noticias"],"acf":[],"_links":{"self":[{"href":"http:\/\/www.cudecoop.coop\/cudecoop\/wp-json\/wp\/v2\/posts\/3700","targetHints":{"allow":["GET"]}}],"collection":[{"href":"http:\/\/www.cudecoop.coop\/cudecoop\/wp-json\/wp\/v2\/posts"}],"about":[{"href":"http:\/\/www.cudecoop.coop\/cudecoop\/wp-json\/wp\/v2\/types\/post"}],"author":[{"embeddable":true,"href":"http:\/\/www.cudecoop.coop\/cudecoop\/wp-json\/wp\/v2\/users\/27"}],"replies":[{"embeddable":true,"href":"http:\/\/www.cudecoop.coop\/cudecoop\/wp-json\/wp\/v2\/comments?post=3700"}],"version-history":[{"count":1,"href":"http:\/\/www.cudecoop.coop\/cudecoop\/wp-json\/wp\/v2\/posts\/3700\/revisions"}],"predecessor-version":[{"id":3701,"href":"http:\/\/www.cudecoop.coop\/cudecoop\/wp-json\/wp\/v2\/posts\/3700\/revisions\/3701"}],"wp:attachment":[{"href":"http:\/\/www.cudecoop.coop\/cudecoop\/wp-json\/wp\/v2\/media?parent=3700"}],"wp:term":[{"taxonomy":"category","embeddable":true,"href":"http:\/\/www.cudecoop.coop\/cudecoop\/wp-json\/wp\/v2\/categories?post=3700"},{"taxonomy":"post_tag","embeddable":true,"href":"http:\/\/www.cudecoop.coop\/cudecoop\/wp-json\/wp\/v2\/tags?post=3700"}],"curies":[{"name":"wp","href":"https:\/\/api.w.org\/{rel}","templated":true}]}}