{"id":3695,"date":"2022-02-23T16:38:20","date_gmt":"2022-02-23T16:38:20","guid":{"rendered":"http:\/\/www.cudecoop.coop\/cudecoop\/?p=3695"},"modified":"2022-02-23T19:25:52","modified_gmt":"2022-02-23T19:25:52","slug":"3695-2","status":"publish","type":"post","link":"http:\/\/www.cudecoop.coop\/cudecoop\/3695-2\/","title":{"rendered":"&#8220;Las cooperativas son la herramienta para la reconstrucci\u00f3n&#8221;"},"content":{"rendered":"<p>El d\u00eda mi\u00e9rcoles 23 de febrero, se realiz\u00f3 el lanzamiento p\u00fablico del proyecto Movimiento cooperativo por Uruguay sostenible, llevado adelante por CUDECOOP junto a FCPU, FUCC, CAF, CCU Y CNFR, con el co-financiamiento de Uni\u00f3n Europea.&nbsp;<\/p>\n<p>Participaron en la mesa de autoridades nuestra presidenta Alicia Maneiro, la presidenta de Cooperativas de las Am\u00e9ricas, Graciela Fern\u00e1ndez, y el&nbsp;<span style=\"font-size: 1rem;\">Jefe del Sector Cooperaci\u00f3n de Uni\u00f3n Europea en Uruguay, Markus Handke.&nbsp;<\/span><\/p>\n<p>Alicia Maneiro destac\u00f3 la importancia de que Uni\u00f3n Europea contin\u00fae apostando por el sector cooperativo en iniciativas de impacto para el desarrollo, y el rol que tuvo la Oficina Regional de la Alianza Cooperativa Internacional en la formulaci\u00f3n e impulso del proyecto.&nbsp;<\/p>\n<p>La presidenta de la CUDECOOP resalt\u00f3 tambi\u00e9n el entusiasmo de las socias por trabajar conjuntamente en la Confederaci\u00f3n logrando con eso involucrar al sistema cooperativo uruguayo, siendo nuestro aporte a la agenda 2030, un compromiso expl\u00edcito del cooperativismo uruguayo.<\/p>\n<p>Tambi\u00e9n&nbsp; se refiri\u00f3 a que la humanidad atraviesa enormes desaf\u00edos que requieren de respuestas locales con perspectiva global. Este proyecto no solo dar\u00e1 respuestas a las necesidades espec\u00edficas de nuestras organizaciones de base, concluyendo que este trabajo tambi\u00e9n servir\u00e1 de modelo a compartir con otros movimientos a nivel continental y mundial.<\/p>\n<p>Por otro lado, Graciela Fern\u00e1ndez destac\u00f3 que este a\u00f1o se cumplen 20 a\u00f1os de la Resoluci\u00f3n 193 de la Organizaci\u00f3n Internacional del Trabajo sobre la cual Uruguay tuvo un rol clave en su redacci\u00f3n. Adem\u00e1s destac\u00f3 que este a\u00f1o se realiza la VI Cumbre de Cooperativas de las Am\u00e9ricas en Asunci\u00f3n de Paraguay, marcada por&nbsp; un an\u00e1lisis de la identidad cooperativa actual. Actividad que se realiza posterior a la Asamblea General de la Alianza Cooperativa Internacional, que se lleva a cabo en la misma semana que la&nbsp;&nbsp;110 Conferencia internacional del trabajo de la OIT, donde se realizar\u00e1 una presentaci\u00f3n especial sobre la econom\u00eda social. Ser\u00e1 el pr\u00f3ximo 23 de junio, y esto se debe a que la econom\u00eda social hoy en el mundo est\u00e1 siendo la traducci\u00f3n para la reactivaci\u00f3n del empleo, se\u00f1al\u00f3 la Presidenta de Cooperativas de las Am\u00e9ricas y agreg\u00f3 que con esto la regi\u00f3n de Am\u00e9rica se ve favorecida con estos proyectos en lograr visibilidad para el movimiento cooperativo, mostrando que somos una herramienta para los Objetivos del Desarrollo Sostenible y la reconstrucci\u00f3n que tanto se necesita.<\/p>\n<p>Por otro lado Marcus&nbsp;<span style=\"font-size: 1rem;\">Handke&nbsp;Jefe del Sector Cooperaci\u00f3n de Uni\u00f3n Europea en Uruguay, se\u00f1al\u00f3 que para Uni\u00f3n Europea el proyecto cumple con sus objetivos sobre impulsar acciones que contribuyan al reconstruir empleo e ingresos, que se vieron tan afectados por la pandemia, y tambi\u00e9n contribuir a los compromisos con el ambiente y el cambio clim\u00e1tico. Para Uni\u00f3n Europea la pandemia se trata de una oportunidad para reconstruir mejor, m\u00e1s sustentable y sin dejar a nadie atr\u00e1s.&nbsp;<\/span><\/p>\n<p>Adem\u00e1s desde Uni\u00f3n Europea estamos convencidos de la necesidad que se genera desde la sociedad civil para aportar a la sustentabilidad, aportando su creatividad y su capacidad de innovaci\u00f3n para contribuir a la generaci\u00f3n de soluciones y desaf\u00edos econ\u00f3micos, sociales y ambientales, culmin\u00f3 el Jefe de sector Cooperaci\u00f3n de Uni\u00f3n Europea en Uruguay,<\/p>\n<p>Luego de esta mesa de apertura, cada organizaci\u00f3n socia del proyecto coment\u00f3 su perspectiva de participaci\u00f3n. Hicieron uso del espacio de comunicaci\u00f3n: Marisol Fuentes, presidenta de FCPU; Jos\u00e9 Tripodi, presidente de FUCC; Pablo Perdomo, presidente de CAF; Lourdes Ferreira, directiva de Comisi\u00f3n Nacional de Fomento Rural; e Ismael Castellanos, presidente de CCU.&nbsp;<\/p>\n<p>Ac\u00e1 pueden ver la grabaci\u00f3n completa de la actividad<\/p>\n<p><a href=\"https:\/\/www.youtube.com\/watch?v=NSitCxm2Y6k\">Youtube<\/a><\/p>\n<p>&nbsp;&nbsp;<\/p>\n","protected":false},"excerpt":{"rendered":"<p>El d\u00eda mi\u00e9rcoles 23 de febrero, se realiz\u00f3 el lanzamiento p\u00fablico del proyecto Movimiento cooperativo por Uruguay sostenible, llevado adelante por CUDECOOP junto a FCPU, FUCC, CAF, CCU Y CNFR, con el co-financiamiento de Uni\u00f3n Europea.&nbsp; Participaron en la mesa de autoridades nuestra presidenta Alicia Maneiro, la presidenta de Cooperativas de las Am\u00e9ricas, Graciela Fern\u00e1ndez, y el&nbsp;Jefe del Sector Cooperaci\u00f3n de Uni\u00f3n Europea en Uruguay, Markus Handke.&nbsp; Alicia Maneiro destac\u00f3 la importancia de que Uni\u00f3n Europea contin\u00fae apostando por el sector cooperativo en iniciativas de impacto para el desarrollo, y el rol que tuvo la Oficina Regional de la Alianza [&#8230;]<\/p>\n","protected":false},"author":27,"featured_media":3696,"comment_status":"open","ping_status":"open","sticky":false,"template":"","format":"standard","meta":{"_acf_changed":false,"ngg_post_thumbnail":0,"footnotes":""},"categories":[7,6,1],"tags":[],"class_list":["post-3695","post","type-post","status-publish","format-standard","has-post-thumbnail","hentry","category-cooperativas","category-institucionales","category-noticias"],"acf":[],"_links":{"self":[{"href":"http:\/\/www.cudecoop.coop\/cudecoop\/wp-json\/wp\/v2\/posts\/3695","targetHints":{"allow":["GET"]}}],"collection":[{"href":"http:\/\/www.cudecoop.coop\/cudecoop\/wp-json\/wp\/v2\/posts"}],"about":[{"href":"http:\/\/www.cudecoop.coop\/cudecoop\/wp-json\/wp\/v2\/types\/post"}],"author":[{"embeddable":true,"href":"http:\/\/www.cudecoop.coop\/cudecoop\/wp-json\/wp\/v2\/users\/27"}],"replies":[{"embeddable":true,"href":"http:\/\/www.cudecoop.coop\/cudecoop\/wp-json\/wp\/v2\/comments?post=3695"}],"version-history":[{"count":4,"href":"http:\/\/www.cudecoop.coop\/cudecoop\/wp-json\/wp\/v2\/posts\/3695\/revisions"}],"predecessor-version":[{"id":3702,"href":"http:\/\/www.cudecoop.coop\/cudecoop\/wp-json\/wp\/v2\/posts\/3695\/revisions\/3702"}],"wp:featuredmedia":[{"embeddable":true,"href":"http:\/\/www.cudecoop.coop\/cudecoop\/wp-json\/wp\/v2\/media\/3696"}],"wp:attachment":[{"href":"http:\/\/www.cudecoop.coop\/cudecoop\/wp-json\/wp\/v2\/media?parent=3695"}],"wp:term":[{"taxonomy":"category","embeddable":true,"href":"http:\/\/www.cudecoop.coop\/cudecoop\/wp-json\/wp\/v2\/categories?post=3695"},{"taxonomy":"post_tag","embeddable":true,"href":"http:\/\/www.cudecoop.coop\/cudecoop\/wp-json\/wp\/v2\/tags?post=3695"}],"curies":[{"name":"wp","href":"https:\/\/api.w.org\/{rel}","templated":true}]}}