{"id":3684,"date":"2022-02-16T16:00:38","date_gmt":"2022-02-16T16:00:38","guid":{"rendered":"http:\/\/www.cudecoop.coop\/cudecoop\/?p=3684"},"modified":"2022-02-16T16:05:18","modified_gmt":"2022-02-16T16:05:18","slug":"movimiento-cooperativo-por-uruguay-sostenible","status":"publish","type":"post","link":"http:\/\/www.cudecoop.coop\/cudecoop\/movimiento-cooperativo-por-uruguay-sostenible\/","title":{"rendered":"Movimiento cooperativo por Uruguay sostenible"},"content":{"rendered":"<div>LANZAMIENTO<\/div>\n<div>\n<p><span style=\"color: #000000;\">Te invitamos a la presentaci\u00f3n y lanzamiento del proyecto Movimiento cooperativo por Uruguay sostenible a realizarse el pr\u00f3ximo mi\u00e9rcoles 23 de febrero a las 10h en formato virtual.&nbsp;<\/span><\/p>\n<p>Participan autoridades de las organizaciones parte, as\u00ed como del socio co financiador, Uni\u00f3n Europea.<\/p>\n<p>MI\u00c9RCOLES 23 DE FEBRERO 10H por el canal de Youtube de CUDECOOP.<\/p>\n<\/div>\n<div>&nbsp;<\/div>\n<div>\n<p><span style=\"color: #000000;\">#UruguayCooperativo es #UruguaySostenible es un proyecto&nbsp;co&nbsp;&#8211; implementado por CUDECOOP junto a CCU, CNFR, CAF, FCPU Y FUCC,&nbsp;co&nbsp;\u2013 financiado por la Uni\u00f3n<\/span><span style=\"color: #000000;\">&nbsp;Europea<span style=\"color: #888888;\"><br clear=\"all\"><\/span><\/span><\/p>\n<div>&nbsp;<\/div>\n<\/div>\n","protected":false},"excerpt":{"rendered":"<p>LANZAMIENTO Te invitamos a la presentaci\u00f3n y lanzamiento del proyecto Movimiento cooperativo por Uruguay sostenible a realizarse el pr\u00f3ximo mi\u00e9rcoles 23 de febrero a las 10h en formato virtual.&nbsp; Participan autoridades de las organizaciones parte, as\u00ed como del socio co financiador, Uni\u00f3n Europea. MI\u00c9RCOLES 23 DE FEBRERO 10H por el canal de Youtube de CUDECOOP. &nbsp; #UruguayCooperativo es #UruguaySostenible es un proyecto&nbsp;co&nbsp;&#8211; implementado por CUDECOOP junto a CCU, CNFR, CAF, FCPU Y FUCC,&nbsp;co&nbsp;\u2013 financiado por la Uni\u00f3n&nbsp;Europea<br clear=\"all\"> [&#8230;]<\/p>\n","protected":false},"author":27,"featured_media":3685,"comment_status":"open","ping_status":"open","sticky":false,"template":"","format":"standard","meta":{"_acf_changed":false,"ngg_post_thumbnail":0,"footnotes":""},"categories":[7,6,1],"tags":[],"class_list":["post-3684","post","type-post","status-publish","format-standard","has-post-thumbnail","hentry","category-cooperativas","category-institucionales","category-noticias"],"acf":[],"_links":{"self":[{"href":"http:\/\/www.cudecoop.coop\/cudecoop\/wp-json\/wp\/v2\/posts\/3684","targetHints":{"allow":["GET"]}}],"collection":[{"href":"http:\/\/www.cudecoop.coop\/cudecoop\/wp-json\/wp\/v2\/posts"}],"about":[{"href":"http:\/\/www.cudecoop.coop\/cudecoop\/wp-json\/wp\/v2\/types\/post"}],"author":[{"embeddable":true,"href":"http:\/\/www.cudecoop.coop\/cudecoop\/wp-json\/wp\/v2\/users\/27"}],"replies":[{"embeddable":true,"href":"http:\/\/www.cudecoop.coop\/cudecoop\/wp-json\/wp\/v2\/comments?post=3684"}],"version-history":[{"count":2,"href":"http:\/\/www.cudecoop.coop\/cudecoop\/wp-json\/wp\/v2\/posts\/3684\/revisions"}],"predecessor-version":[{"id":3687,"href":"http:\/\/www.cudecoop.coop\/cudecoop\/wp-json\/wp\/v2\/posts\/3684\/revisions\/3687"}],"wp:featuredmedia":[{"embeddable":true,"href":"http:\/\/www.cudecoop.coop\/cudecoop\/wp-json\/wp\/v2\/media\/3685"}],"wp:attachment":[{"href":"http:\/\/www.cudecoop.coop\/cudecoop\/wp-json\/wp\/v2\/media?parent=3684"}],"wp:term":[{"taxonomy":"category","embeddable":true,"href":"http:\/\/www.cudecoop.coop\/cudecoop\/wp-json\/wp\/v2\/categories?post=3684"},{"taxonomy":"post_tag","embeddable":true,"href":"http:\/\/www.cudecoop.coop\/cudecoop\/wp-json\/wp\/v2\/tags?post=3684"}],"curies":[{"name":"wp","href":"https:\/\/api.w.org\/{rel}","templated":true}]}}