{"id":3664,"date":"2021-12-23T14:55:05","date_gmt":"2021-12-23T14:55:05","guid":{"rendered":"http:\/\/www.cudecoop.coop\/cudecoop\/?p=3664"},"modified":"2021-12-23T14:57:21","modified_gmt":"2021-12-23T14:57:21","slug":"3664-2","status":"publish","type":"post","link":"http:\/\/www.cudecoop.coop\/cudecoop\/3664-2\/","title":{"rendered":"Fortaleciendo la identidad cooperativa territorial"},"content":{"rendered":"<p>El martes 14 de diciembre se reuni\u00f3 el Equipo de Desarrollo Territorial de CUDECOOP en nuestra sede en Montevideo.&nbsp;<\/p>\n<p>Se trat\u00f3 de un encuentro de trabajo para evaluaci\u00f3n y cierre del a\u00f1o 2021.&nbsp;<\/p>\n<p>En estos espacios se busca fortalecer los territorios en equipo, a la distancia pero con la cercan\u00eda del compromiso social y comunitario a trav\u00e9s de la identidad territorial.<\/p>\n<p>Para el 2022 se proyectan tareas y desaf\u00edos, personales e institucionales para aportar al&nbsp;fortalecimiento del movimiento cooperativo de todo el pa\u00eds.<\/p>\n<!-- index.php -->\n<div\n\tclass=\"ngg-galleryoverview\n\t ngg-ajax-pagination-none\t\"\n\tid=\"ngg-gallery-728eef30344db2ab940eb33d63e75bcd-1\">\n\n\t\t<div class=\"slideshowlink\">\n\t\t<a href='http:\/\/www.cudecoop.coop\/cudecoop\/3664-2\/nggallery\/slideshow'>[Show slideshow]<\/a>\n\t\t\n\t<\/div>\n\t\t\t<!-- Thumbnails -->\n\t\t\t\t<div id=\"ngg-image-0\" class=\"ngg-gallery-thumbnail-box\" \n\t\t\t\t\t\t\t\t\t\t\t>\n\t\t\t\t\t\t<div class=\"ngg-gallery-thumbnail\">\n\t\t\t<a href=\"http:\/\/www.cudecoop.coop\/cudecoop\/wp-content\/gallery\/territorial-se-reune\/WhatsApp-Image-2021-12-23-at-11.53.34-2.jpeg\"\n\t\t\t\ttitle=\"\"\n\t\t\t\tdata-src=\"http:\/\/www.cudecoop.coop\/cudecoop\/wp-content\/gallery\/territorial-se-reune\/WhatsApp-Image-2021-12-23-at-11.53.34-2.jpeg\"\n\t\t\t\tdata-thumbnail=\"http:\/\/www.cudecoop.coop\/cudecoop\/wp-content\/gallery\/territorial-se-reune\/thumbs\/thumbs_WhatsApp-Image-2021-12-23-at-11.53.34-2.jpeg\"\n\t\t\t\tdata-image-id=\"161\"\n\t\t\t\tdata-title=\"WhatsApp-Image-2021-12-23-at-11.53.34-2\"\n\t\t\t\tdata-description=\"\"\n\t\t\t\tdata-image-slug=\"whatsapp-image-2021-12-23-at-11-53-34-2\"\n\t\t\t\tclass=\"ngg-fancybox\" rel=\"728eef30344db2ab940eb33d63e75bcd\">\n\t\t\t\t<img\n\t\t\t\t\ttitle=\"WhatsApp-Image-2021-12-23-at-11.53.34-2\"\n\t\t\t\t\talt=\"WhatsApp-Image-2021-12-23-at-11.53.34-2\"\n\t\t\t\t\tsrc=\"http:\/\/www.cudecoop.coop\/cudecoop\/wp-content\/gallery\/territorial-se-reune\/thumbs\/thumbs_WhatsApp-Image-2021-12-23-at-11.53.34-2.jpeg\"\n\t\t\t\t\twidth=\"240\"\n\t\t\t\t\theight=\"160\"\n\t\t\t\t\tstyle=\"max-width:100%;\"\n\t\t\t\t\/>\n\t\t\t<\/a>\n\t\t<\/div>\n\t\t\t\t\t\t\t<\/div> \n\t\t\t\n\t\t\n\t\t\t\t<div id=\"ngg-image-1\" class=\"ngg-gallery-thumbnail-box\" \n\t\t\t\t\t\t\t\t\t\t\t>\n\t\t\t\t\t\t<div class=\"ngg-gallery-thumbnail\">\n\t\t\t<a href=\"http:\/\/www.cudecoop.coop\/cudecoop\/wp-content\/gallery\/territorial-se-reune\/WhatsApp-Image-2021-12-23-at-11.53.34-1.jpeg\"\n\t\t\t\ttitle=\"\"\n\t\t\t\tdata-src=\"http:\/\/www.cudecoop.coop\/cudecoop\/wp-content\/gallery\/territorial-se-reune\/WhatsApp-Image-2021-12-23-at-11.53.34-1.jpeg\"\n\t\t\t\tdata-thumbnail=\"http:\/\/www.cudecoop.coop\/cudecoop\/wp-content\/gallery\/territorial-se-reune\/thumbs\/thumbs_WhatsApp-Image-2021-12-23-at-11.53.34-1.jpeg\"\n\t\t\t\tdata-image-id=\"162\"\n\t\t\t\tdata-title=\"WhatsApp-Image-2021-12-23-at-11.53.34-1\"\n\t\t\t\tdata-description=\"\"\n\t\t\t\tdata-image-slug=\"whatsapp-image-2021-12-23-at-11-53-34-1\"\n\t\t\t\tclass=\"ngg-fancybox\" rel=\"728eef30344db2ab940eb33d63e75bcd\">\n\t\t\t\t<img\n\t\t\t\t\ttitle=\"WhatsApp-Image-2021-12-23-at-11.53.34-1\"\n\t\t\t\t\talt=\"WhatsApp-Image-2021-12-23-at-11.53.34-1\"\n\t\t\t\t\tsrc=\"http:\/\/www.cudecoop.coop\/cudecoop\/wp-content\/gallery\/territorial-se-reune\/thumbs\/thumbs_WhatsApp-Image-2021-12-23-at-11.53.34-1.jpeg\"\n\t\t\t\t\twidth=\"240\"\n\t\t\t\t\theight=\"160\"\n\t\t\t\t\tstyle=\"max-width:100%;\"\n\t\t\t\t\/>\n\t\t\t<\/a>\n\t\t<\/div>\n\t\t\t\t\t\t\t<\/div> \n\t\t\t\n\t\t\n\t\t\t\t<div id=\"ngg-image-2\" class=\"ngg-gallery-thumbnail-box\" \n\t\t\t\t\t\t\t\t\t\t\t>\n\t\t\t\t\t\t<div class=\"ngg-gallery-thumbnail\">\n\t\t\t<a href=\"http:\/\/www.cudecoop.coop\/cudecoop\/wp-content\/gallery\/territorial-se-reune\/WhatsApp-Image-2021-12-23-at-11.53.34.jpeg\"\n\t\t\t\ttitle=\"\"\n\t\t\t\tdata-src=\"http:\/\/www.cudecoop.coop\/cudecoop\/wp-content\/gallery\/territorial-se-reune\/WhatsApp-Image-2021-12-23-at-11.53.34.jpeg\"\n\t\t\t\tdata-thumbnail=\"http:\/\/www.cudecoop.coop\/cudecoop\/wp-content\/gallery\/territorial-se-reune\/thumbs\/thumbs_WhatsApp-Image-2021-12-23-at-11.53.34.jpeg\"\n\t\t\t\tdata-image-id=\"163\"\n\t\t\t\tdata-title=\"WhatsApp-Image-2021-12-23-at-11.53.34\"\n\t\t\t\tdata-description=\"\"\n\t\t\t\tdata-image-slug=\"whatsapp-image-2021-12-23-at-11-53-34-3\"\n\t\t\t\tclass=\"ngg-fancybox\" rel=\"728eef30344db2ab940eb33d63e75bcd\">\n\t\t\t\t<img\n\t\t\t\t\ttitle=\"WhatsApp-Image-2021-12-23-at-11.53.34\"\n\t\t\t\t\talt=\"WhatsApp-Image-2021-12-23-at-11.53.34\"\n\t\t\t\t\tsrc=\"http:\/\/www.cudecoop.coop\/cudecoop\/wp-content\/gallery\/territorial-se-reune\/thumbs\/thumbs_WhatsApp-Image-2021-12-23-at-11.53.34.jpeg\"\n\t\t\t\t\twidth=\"240\"\n\t\t\t\t\theight=\"160\"\n\t\t\t\t\tstyle=\"max-width:100%;\"\n\t\t\t\t\/>\n\t\t\t<\/a>\n\t\t<\/div>\n\t\t\t\t\t\t\t<\/div> \n\t\t\t\n\t\t\n\t\t\t\t<div id=\"ngg-image-3\" class=\"ngg-gallery-thumbnail-box\" \n\t\t\t\t\t\t\t\t\t\t\t>\n\t\t\t\t\t\t<div class=\"ngg-gallery-thumbnail\">\n\t\t\t<a href=\"http:\/\/www.cudecoop.coop\/cudecoop\/wp-content\/gallery\/territorial-se-reune\/WhatsApp-Image-2021-12-23-at-11.52.36.jpeg\"\n\t\t\t\ttitle=\"\"\n\t\t\t\tdata-src=\"http:\/\/www.cudecoop.coop\/cudecoop\/wp-content\/gallery\/territorial-se-reune\/WhatsApp-Image-2021-12-23-at-11.52.36.jpeg\"\n\t\t\t\tdata-thumbnail=\"http:\/\/www.cudecoop.coop\/cudecoop\/wp-content\/gallery\/territorial-se-reune\/thumbs\/thumbs_WhatsApp-Image-2021-12-23-at-11.52.36.jpeg\"\n\t\t\t\tdata-image-id=\"164\"\n\t\t\t\tdata-title=\"WhatsApp-Image-2021-12-23-at-11.52.36\"\n\t\t\t\tdata-description=\"\"\n\t\t\t\tdata-image-slug=\"whatsapp-image-2021-12-23-at-11-52-36\"\n\t\t\t\tclass=\"ngg-fancybox\" rel=\"728eef30344db2ab940eb33d63e75bcd\">\n\t\t\t\t<img\n\t\t\t\t\ttitle=\"WhatsApp-Image-2021-12-23-at-11.52.36\"\n\t\t\t\t\talt=\"WhatsApp-Image-2021-12-23-at-11.52.36\"\n\t\t\t\t\tsrc=\"http:\/\/www.cudecoop.coop\/cudecoop\/wp-content\/gallery\/territorial-se-reune\/thumbs\/thumbs_WhatsApp-Image-2021-12-23-at-11.52.36.jpeg\"\n\t\t\t\t\twidth=\"240\"\n\t\t\t\t\theight=\"160\"\n\t\t\t\t\tstyle=\"max-width:100%;\"\n\t\t\t\t\/>\n\t\t\t<\/a>\n\t\t<\/div>\n\t\t\t\t\t\t\t<\/div> \n\t\t\t\n\t\t\n\t\t\n\t\t<!-- Pagination -->\n\t\t<div class='ngg-clear'><\/div>\t<\/div>\n\n","protected":false},"excerpt":{"rendered":"<p>El martes 14 de diciembre se reuni\u00f3 el Equipo de Desarrollo Territorial de CUDECOOP en nuestra sede en Montevideo.&nbsp; Se trat\u00f3 de un encuentro de trabajo para evaluaci\u00f3n y cierre del a\u00f1o 2021.&nbsp; En estos espacios se busca fortalecer los territorios en equipo, a la distancia pero con la cercan\u00eda del compromiso social y comunitario a trav\u00e9s de la identidad territorial. Para el 2022 se proyectan tareas y desaf\u00edos, personales e institucionales para aportar al&nbsp;fortalecimiento del movimiento cooperativo de todo el [&#8230;]<\/p>\n","protected":false},"author":27,"featured_media":3665,"comment_status":"open","ping_status":"open","sticky":false,"template":"","format":"standard","meta":{"_acf_changed":false,"ngg_post_thumbnail":0,"footnotes":""},"categories":[7,6,1],"tags":[],"class_list":["post-3664","post","type-post","status-publish","format-standard","has-post-thumbnail","hentry","category-cooperativas","category-institucionales","category-noticias"],"acf":[],"_links":{"self":[{"href":"http:\/\/www.cudecoop.coop\/cudecoop\/wp-json\/wp\/v2\/posts\/3664","targetHints":{"allow":["GET"]}}],"collection":[{"href":"http:\/\/www.cudecoop.coop\/cudecoop\/wp-json\/wp\/v2\/posts"}],"about":[{"href":"http:\/\/www.cudecoop.coop\/cudecoop\/wp-json\/wp\/v2\/types\/post"}],"author":[{"embeddable":true,"href":"http:\/\/www.cudecoop.coop\/cudecoop\/wp-json\/wp\/v2\/users\/27"}],"replies":[{"embeddable":true,"href":"http:\/\/www.cudecoop.coop\/cudecoop\/wp-json\/wp\/v2\/comments?post=3664"}],"version-history":[{"count":3,"href":"http:\/\/www.cudecoop.coop\/cudecoop\/wp-json\/wp\/v2\/posts\/3664\/revisions"}],"predecessor-version":[{"id":3673,"href":"http:\/\/www.cudecoop.coop\/cudecoop\/wp-json\/wp\/v2\/posts\/3664\/revisions\/3673"}],"wp:featuredmedia":[{"embeddable":true,"href":"http:\/\/www.cudecoop.coop\/cudecoop\/wp-json\/wp\/v2\/media\/3665"}],"wp:attachment":[{"href":"http:\/\/www.cudecoop.coop\/cudecoop\/wp-json\/wp\/v2\/media?parent=3664"}],"wp:term":[{"taxonomy":"category","embeddable":true,"href":"http:\/\/www.cudecoop.coop\/cudecoop\/wp-json\/wp\/v2\/categories?post=3664"},{"taxonomy":"post_tag","embeddable":true,"href":"http:\/\/www.cudecoop.coop\/cudecoop\/wp-json\/wp\/v2\/tags?post=3664"}],"curies":[{"name":"wp","href":"https:\/\/api.w.org\/{rel}","templated":true}]}}